{"id":477,"date":"2026-03-21T10:14:14","date_gmt":"2026-03-21T09:14:14","guid":{"rendered":"https:\/\/sc1qoyc4632.universe.wf\/?p=477"},"modified":"2026-03-23T18:49:59","modified_gmt":"2026-03-23T17:49:59","slug":"les-performances-de-lagroforesterie-malgre-les-evolutions-climatiques","status":"publish","type":"post","link":"https:\/\/hydronomie.fr\/les-performances-de-lagroforesterie-malgre-les-evolutions-climatiques\/","title":{"rendered":"Les performances de l&#8217;agroforesterie malgr\u00e9 les \u00e9volutions climatiques"},"content":{"rendered":"\t\t<div data-elementor-type=\"wp-post\" data-elementor-id=\"477\" class=\"elementor elementor-477\" data-elementor-settings=\"{&quot;ha_cmc_init_switcher&quot;:&quot;no&quot;}\">\n\t\t\t\t<div class=\"elementor-element elementor-element-b37fcae e-flex e-con-boxed e-con e-parent\" data-id=\"b37fcae\" data-element_type=\"container\" data-e-type=\"container\" data-settings=\"{&quot;_ha_eqh_enable&quot;:false}\">\n\t\t\t\t\t<div class=\"e-con-inner\">\n\t\t<div class=\"elementor-element elementor-element-135e845 e-con-full e-flex e-con e-child\" data-id=\"135e845\" data-element_type=\"container\" data-e-type=\"container\" data-settings=\"{&quot;_ha_eqh_enable&quot;:false}\">\n\t\t<div class=\"elementor-element elementor-element-4c61940 e-con-full e-flex e-con e-child\" data-id=\"4c61940\" data-element_type=\"container\" data-e-type=\"container\" data-settings=\"{&quot;_ha_eqh_enable&quot;:false}\">\n\t\t<div class=\"elementor-element elementor-element-2ae5db4 e-con-full e-flex e-con e-child\" data-id=\"2ae5db4\" data-element_type=\"container\" data-e-type=\"container\" data-settings=\"{&quot;_ha_eqh_enable&quot;:false}\">\n\t\t<div class=\"elementor-element elementor-element-0e3de96 e-con-full e-flex e-con e-child\" data-id=\"0e3de96\" data-element_type=\"container\" data-e-type=\"container\" data-settings=\"{&quot;_ha_eqh_enable&quot;:false}\">\n\t\t<div class=\"elementor-element elementor-element-eecb0c2 e-con-full e-flex e-con e-child\" data-id=\"eecb0c2\" data-element_type=\"container\" data-e-type=\"container\" data-settings=\"{&quot;_ha_eqh_enable&quot;:false}\">\n\t\t\t\t<div class=\"elementor-element elementor-element-c807aea elementor-widget__width-initial elementor-widget elementor-widget-heading\" data-id=\"c807aea\" data-element_type=\"widget\" data-e-type=\"widget\" data-widget_type=\"heading.default\">\n\t\t\t\t\t<h1 class=\"elementor-heading-title elementor-size-default\">Les performances de l'agroforesterie malgr\u00e9 les \u00e9volutions climatiques<\/h1>\t\t\t\t<\/div>\n\t\t\t\t<\/div>\n\t\t<div class=\"elementor-element elementor-element-c7522a2 e-con-full e-flex e-con e-child\" data-id=\"c7522a2\" data-element_type=\"container\" data-e-type=\"container\" data-settings=\"{&quot;_ha_eqh_enable&quot;:false}\">\n\t\t<div class=\"elementor-element elementor-element-5a77afc e-con-full e-flex e-con e-child\" data-id=\"5a77afc\" data-element_type=\"container\" data-e-type=\"container\" data-settings=\"{&quot;_ha_eqh_enable&quot;:false}\">\n\t\t\t\t<div class=\"elementor-element elementor-element-7ed66f5 elementor-widget__width-initial elementor-widget-mobile__width-initial elementor-widget elementor-widget-button\" data-id=\"7ed66f5\" data-element_type=\"widget\" data-e-type=\"widget\" data-widget_type=\"button.default\">\n\t\t\t\t\t<a class=\"elementor-button elementor-size-sm\" role=\"button\"><svg xmlns=\"http:\/\/www.w3.org\/2000\/svg\" width=\"19\" viewBox=\"0 0 19 19\" aria-hidden=\"true\" class=\"ncybeoxt\"><path d=\"M2.44398805,5.99973295 C1.62345525,5.9690612 0.980075653,5.28418875 1.00047182,4.46312144 C1.02086799,3.64205413 1.69745853,2.98998831 2.51850166,3.0001164 C3.33954478,3.01024449 3.99985313,3.67880182 4,4.50012255 C3.98424812,5.34399206 3.28763905,6.0153508 2.44398805,5.99973295 L2.44398805,5.99973295 Z M2.44398805,10.9997329 C1.62345525,10.9690612 0.980075653,10.2841888 1.00047182,9.46312144 C1.02086799,8.64205413 1.69745853,7.98998831 2.51850166,8.0001164 C3.33954478,8.01024449 3.99985313,8.67880182 4,9.50012255 C3.98424812,10.3439921 3.28763905,11.0153508 2.44398805,10.9997329 L2.44398805,10.9997329 Z M2.44398805,15.9997329 C1.62345525,15.9690612 0.980075653,15.2841888 1.00047182,14.4631214 C1.02086799,13.6420541 1.69745853,12.9899883 2.51850166,13.0001164 C3.33954478,13.0102445 3.99985313,13.6788018 4,14.5001225 C3.98424812,15.3439921 3.28763905,16.0153508 2.44398805,15.9997329 L2.44398805,15.9997329 Z\" class=\"oso80rvn\"><\/path><\/svg><\/a>\t\t\t\t<\/div>\n\t\t\t\t<\/div>\n\t\t\t\t<\/div>\n\t\t\t\t<\/div>\n\t\t\t\t<\/div>\n\t\t\t\t<\/div>\n\t\t<div class=\"elementor-element elementor-element-0494d24 e-con-full e-flex e-con e-child\" data-id=\"0494d24\" data-element_type=\"container\" data-e-type=\"container\" data-settings=\"{&quot;_ha_eqh_enable&quot;:false}\">\n\t\t<div class=\"elementor-element elementor-element-34747ea e-con-full e-flex e-con e-child\" data-id=\"34747ea\" data-element_type=\"container\" data-e-type=\"container\" data-settings=\"{&quot;_ha_eqh_enable&quot;:false}\">\n\t\t<div class=\"elementor-element elementor-element-16e62b7 e-con-full e-flex e-con e-child\" data-id=\"16e62b7\" data-element_type=\"container\" data-e-type=\"container\" data-settings=\"{&quot;_ha_eqh_enable&quot;:false}\">\n\t\t<div class=\"elementor-element elementor-element-081e9d3 e-con-full e-flex e-con e-child\" data-id=\"081e9d3\" data-element_type=\"container\" data-e-type=\"container\" data-settings=\"{&quot;_ha_eqh_enable&quot;:false}\">\n\t\t<div class=\"elementor-element elementor-element-e06b1be e-con-full e-flex e-con e-child\" data-id=\"e06b1be\" data-element_type=\"container\" data-e-type=\"container\" data-settings=\"{&quot;_ha_eqh_enable&quot;:false}\">\n\t\t<div class=\"elementor-element elementor-element-7095b95 e-con-full e-flex e-con e-child\" data-id=\"7095b95\" data-element_type=\"container\" data-e-type=\"container\" data-settings=\"{&quot;_ha_eqh_enable&quot;:false}\">\n\t\t<div class=\"elementor-element elementor-element-c5e6d9d e-con-full e-flex e-con e-child\" data-id=\"c5e6d9d\" data-element_type=\"container\" data-e-type=\"container\" data-settings=\"{&quot;_ha_eqh_enable&quot;:false}\">\n\t\t<div class=\"elementor-element elementor-element-b691293 e-con-full e-flex e-con e-child\" data-id=\"b691293\" data-element_type=\"container\" data-e-type=\"container\" data-settings=\"{&quot;_ha_eqh_enable&quot;:false}\">\n\t\t\t\t<div class=\"elementor-element elementor-element-05adc22 elementor-widget__width-initial elementor-widget elementor-widget-heading\" data-id=\"05adc22\" data-element_type=\"widget\" data-e-type=\"widget\" data-widget_type=\"heading.default\">\n\t\t\t\t\t<h4 class=\"elementor-heading-title elementor-size-default\"><span class=\"w6benktg\"><span class=\"mjr0tbm5\"><span class=\"epf7m97c\">Depuis 2016, un point de bascule a \u00e9t\u00e9 franchi. Ce que nous avons connu pr\u00e9c\u00e9demment ne sera plus. Le climat est devenu un inconnu qui impose des param\u00e8tres que nous devons d\u00e9cortiqu\u00e9 et appr\u00e9hender pour la premi\u00e8re fois et ce sans exemple. L'heure est \u00e0 l'initiative et l'innovation. Malgr\u00e9 ces inconnus, les arbres sont des alli\u00e9s puissants, solides dans les adaptations aux changements climatiques. Les performances de l'agrofresterie ont fait leur preuve, si il fallait encore en donner. En voici un tour d'horizon complet. <\/span><\/span><\/span><\/h4>\t\t\t\t<\/div>\n\t\t\t\t<\/div>\n\t\t<div class=\"elementor-element elementor-element-4f0f37f e-con-full e-flex e-con e-child\" data-id=\"4f0f37f\" data-element_type=\"container\" data-e-type=\"container\" data-settings=\"{&quot;_ha_eqh_enable&quot;:false}\">\n\t\t<div class=\"elementor-element elementor-element-8e21c67 e-con-full e-flex e-con e-child\" data-id=\"8e21c67\" data-element_type=\"container\" data-e-type=\"container\" data-settings=\"{&quot;_ha_eqh_enable&quot;:false}\">\n\t\t<div class=\"elementor-element elementor-element-b64548d e-con-full e-flex e-con e-child\" data-id=\"b64548d\" data-element_type=\"container\" data-e-type=\"container\" data-settings=\"{&quot;_ha_eqh_enable&quot;:false}\">\n\t\t<div class=\"elementor-element elementor-element-8d8636c e-con-full e-flex e-con e-child\" data-id=\"8d8636c\" data-element_type=\"container\" data-e-type=\"container\" data-settings=\"{&quot;_ha_eqh_enable&quot;:false}\">\n\t\t<div class=\"elementor-element elementor-element-ca8b4dd e-con-full e-flex e-con e-child\" data-id=\"ca8b4dd\" data-element_type=\"container\" data-e-type=\"container\" data-settings=\"{&quot;_ha_eqh_enable&quot;:false}\">\n\t\t<div class=\"elementor-element elementor-element-4e325b2 e-con-full e-flex e-con e-child\" data-id=\"4e325b2\" data-element_type=\"container\" data-e-type=\"container\" data-settings=\"{&quot;_ha_eqh_enable&quot;:false}\">\n\t\t<div class=\"elementor-element elementor-element-58c977c e-con-full e-flex e-con e-child\" data-id=\"58c977c\" data-element_type=\"container\" data-e-type=\"container\" data-settings=\"{&quot;_ha_eqh_enable&quot;:false}\">\n\t\t\t\t<div class=\"elementor-element elementor-element-e7d4bdd elementor-widget elementor-widget-softlite_image\" data-id=\"e7d4bdd\" data-element_type=\"widget\" data-e-type=\"widget\" data-widget_type=\"softlite_image.default\">\n\t\t\t\t<div class=\"elementor-widget-container\">\n\t\t\t\t\t\t\t\t\t\t<div class=\"elementor-image\">\n\t\t\t\t\t\t\t\t\t\t\t\t\t\t\t\t\t<img decoding=\"async\" src=\"https:\/\/static.wixstatic.com\/media\/11062b_ae6481105c3b43649051c1c7e0eb909f~mv2.jpg\/v1\/fill\/w_1480,h_986,al_c,q_85,usm_0.66_1.00_0.01,enc_avif,quality_auto\/11062b_ae6481105c3b43649051c1c7e0eb909f~mv2.jpg\">\n\t\t\t\t\t\t\t\t\t\t\t\t\t\t\t\t\t\t<\/div>\n\t\t\t\t\t\t\t\t<\/div>\n\t\t\t\t<\/div>\n\t\t\t\t<\/div>\n\t\t\t\t<\/div>\n\t\t\t\t<div class=\"elementor-element elementor-element-d4f5979 elementor-widget__width-initial elementor-widget-mobile__width-initial elementor-widget elementor-widget-button\" data-id=\"d4f5979\" data-element_type=\"widget\" data-e-type=\"widget\" data-widget_type=\"button.default\">\n\t\t\t\t\t<a class=\"elementor-button elementor-size-sm\" role=\"button\"><svg viewBox=\"0 0 19 19\" xmlns=\"http:\/\/www.w3.org\/2000\/svg\" class=\"zgnh5l18\"><path d=\"M15.071 8.371V4.585l-4.355 4.356a.2.2 0 0 1-.283 0l-.374-.374a.2.2 0 0 1 0-.283l4.356-4.355h-3.786a.2.2 0 0 1-.2-.2V3.2c0-.11.09-.2.2-.2H16v5.371a.2.2 0 0 1-.2.2h-.529a.2.2 0 0 1-.2-.2zm-6.5 6.9v.529a.2.2 0 0 1-.2.2H3v-5.371c0-.11.09-.2.2-.2h.529c.11 0 .2.09.2.2v3.786l4.355-4.356a.2.2 0 0 1 .283 0l.374.374a.2.2 0 0 1 0 .283L4.585 15.07h3.786c.11 0 .2.09.2.2z\" fill=\"#000\" fill-rule=\"nonzero\" class=\"whdhx0g6\"><\/path><\/svg><\/a>\t\t\t\t<\/div>\n\t\t\t\t<\/div>\n\t\t\t\t<\/div>\n\t\t\t\t<\/div>\n\t\t\t\t<\/div>\n\t\t\t\t<\/div>\n\t\t<div class=\"elementor-element elementor-element-62dc0d1 e-con-full e-flex e-con e-child\" data-id=\"62dc0d1\" data-element_type=\"container\" data-e-type=\"container\" data-settings=\"{&quot;_ha_eqh_enable&quot;:false}\">\n\t\t\t\t<div class=\"elementor-element elementor-element-92e3dc0 elementor-widget__width-initial elementor-widget elementor-widget-heading\" data-id=\"92e3dc0\" data-element_type=\"widget\" data-e-type=\"widget\" data-widget_type=\"heading.default\">\n\t\t\t\t\t<h3 class=\"elementor-heading-title elementor-size-default\"><span class=\"l27s7su1\"><span class=\"rmpvo84f\"><span class=\"rmpvo84f\">\u00c9tat des for\u00eats fran\u00e7aises o\u00f9 la dette climatique se creuse<\/span><\/span><\/span><\/h3>\t\t\t\t<\/div>\n\t\t\t\t<\/div>\n\t\t<div class=\"elementor-element elementor-element-e40c736 e-con-full e-flex e-con e-child\" data-id=\"e40c736\" data-element_type=\"container\" data-e-type=\"container\" data-settings=\"{&quot;_ha_eqh_enable&quot;:false}\">\n\t\t\t\t<div class=\"elementor-element elementor-element-71c5ae3 elementor-widget__width-initial elementor-widget elementor-widget-heading\" data-id=\"71c5ae3\" data-element_type=\"widget\" data-e-type=\"widget\" data-widget_type=\"heading.default\">\n\t\t\t\t\t<h4 class=\"elementor-heading-title elementor-size-default\"><span class=\"st5qrxto\"><span class=\"s7yt0c1j\"><span class=\"oifba0cv\">Les s\u00e9cheresses de 2022 ont particuli\u00e8rement affect\u00e9 la for\u00eat : \u00e0 la s\u00e9cheresse du printemps et de l'hiver ont succ\u00e9d\u00e9 canicule et incendies de l\u2019\u00e9t\u00e9, qui ont affect\u00e9 plus de 70&nbsp;000 hectares. L\u2019IGN, vigie de la for\u00eat et cartographe de l'anthropoc\u00e8ne, publie chaque ann\u00e9e les r\u00e9sultats de l\u2019Inventaire forestier national (IFN). Pour 2022, cet \u00e9tat des lieux de la for\u00eat fran\u00e7aise r\u00e9v\u00e8le notamment un accroissement de 54&nbsp;% de la mortalit\u00e9 sur la derni\u00e8re d\u00e9cennie, malgr\u00e9 une superficie de for\u00eats qui continue de progresser et une diversit\u00e9 des peuplements qui s'accro\u00eet.<\/span><\/span><\/span><\/h4>\t\t\t\t<\/div>\n\t\t\t\t<\/div>\n\t\t<div class=\"elementor-element elementor-element-fd77d6d e-con-full e-flex e-con e-child\" data-id=\"fd77d6d\" data-element_type=\"container\" data-e-type=\"container\" data-settings=\"{&quot;_ha_eqh_enable&quot;:false}\">\n\t\t\t\t<div class=\"elementor-element elementor-element-8519b21 elementor-widget__width-initial elementor-widget elementor-widget-heading\" data-id=\"8519b21\" data-element_type=\"widget\" data-e-type=\"widget\" data-widget_type=\"heading.default\">\n\t\t\t\t\t<h4 class=\"elementor-heading-title elementor-size-default\"><span class=\"cey82xfj\"><br role=\"presentation\"><\/span><\/h4>\t\t\t\t<\/div>\n\t\t\t\t<\/div>\n\t\t<div class=\"elementor-element elementor-element-bf36647 e-con-full e-flex e-con e-child\" data-id=\"bf36647\" data-element_type=\"container\" data-e-type=\"container\" data-settings=\"{&quot;_ha_eqh_enable&quot;:false}\">\n\t\t\t\t<div class=\"elementor-element elementor-element-eca2f19 elementor-widget__width-initial elementor-widget elementor-widget-heading\" data-id=\"eca2f19\" data-element_type=\"widget\" data-e-type=\"widget\" data-widget_type=\"heading.default\">\n\t\t\t\t\t<h4 class=\"elementor-heading-title elementor-size-default\"><span class=\"aqe9uz9h\"><span class=\"gv557gqj\"><span class=\"sobmjk6n\">Dans les for\u00eats fran\u00e7aises, de nombreuses esp\u00e8ces animales et v\u00e9g\u00e9tales ne migrent pas suffisamment vers le nord pour pouvoir s\u2019adapter au r\u00e9chauffement climatique. Un ph\u00e9nom\u00e8ne inqui\u00e9tant, baptis\u00e9 \u00abdette climatique\u00bb. En vingt ans, le r\u00e9chauffement climatique a induit une augmentation de 1&nbsp;\u00b0C des temp\u00e9ratures en France. Pour survivre, certaines esp\u00e8ces animales et v\u00e9g\u00e9tales doivent migrer vers le nord et les sommets plus froids pour y trouver des temp\u00e9ratures qui leur conviennent mieux. \u00c0 terme, cette dette climatique peut conduire \u00e0 l\u2019extinction, locale puis globale, des esp\u00e8ces qui n\u2019auront pu suivre vers le nord le d\u00e9placement des conditions climatiques qui leur sont favorables. D\u2019o\u00f9 l\u2019importance de stopper ce ph\u00e9nom\u00e8ne, ou du moins de le freiner. Et, de comprendre les processus l\u2019induisant.<\/span><\/span><\/span><\/h4>\t\t\t\t<\/div>\n\t\t\t\t<\/div>\n\t\t\t\t<div class=\"elementor-element elementor-element-80b2b6d elementor-widget elementor-widget-softlite_dynamic_card_box\" data-id=\"80b2b6d\" data-element_type=\"widget\" data-e-type=\"widget\" data-widget_type=\"softlite_dynamic_card_box.default\">\n\t\t\t\t<div class=\"elementor-widget-container\">\n\t\t\t\t\t <div class=\"softlite-dynamic-card-box jwq8e21v\" data-softlite-card-box-link-href=\"\" data-softlite-card-box-link-target=\"\"><div dir=\"ltr\" class=\"c752j9f6\"><blockquote class=\"o615f6yg\"><span class=\"cn6u5jmf\"><div dir=\"auto\" class=\"da53bwic\"><span class=\"bcb8czsf\"><em class=\"cj5q2ys3\"><span class=\"jo1pemt0\"><span class=\"cdryuu4r softlite-dynamic-card-box-text-1\">\u00ab Pour r\u00e9duire la dette climatique dans ces zones, il faudrait une arriv\u00e9e d\u2019esp\u00e8ces adapt\u00e9es \u00e0 des temp\u00e9ratures encore plus chaudes, venant par exemple d\u2019Espagne ou d\u2019Afrique du Nord. Or une telle migration est limit\u00e9e par des barri\u00e8res g\u00e9ographiques (montagne, mer) et la grande distance entre les for\u00eats du sud de la France et celles des pays voisins plus chauds \u00bb,<\/span><\/span><\/em><span class=\"x89b0xay\"><span class=\"softlite-dynamic-card-box-text-2 cdryuu4r\">d\u00e9veloppe le biologiste Romain Bertrand.<\/span><\/span><\/span><\/div><\/span><\/blockquote><\/div><\/div> \t\t\t\t<\/div>\n\t\t\t\t<\/div>\n\t\t<div class=\"elementor-element elementor-element-ec65fdb e-con-full e-flex e-con e-child\" data-id=\"ec65fdb\" data-element_type=\"container\" data-e-type=\"container\" data-settings=\"{&quot;_ha_eqh_enable&quot;:false}\">\n\t\t\t\t<div class=\"elementor-element elementor-element-f1f8232 elementor-widget__width-initial elementor-widget elementor-widget-heading\" data-id=\"f1f8232\" data-element_type=\"widget\" data-e-type=\"widget\" data-widget_type=\"heading.default\">\n\t\t\t\t\t<h4 class=\"elementor-heading-title elementor-size-default\"><span class=\"ktsk6vzr\"><span class=\"fmcip8jk\"><span class=\"fmcip8jk\">Quid des corridors \u00e9cologiques insuffisants pour franchir les infrastructures humaines de plus en plus biocide. Point tr\u00e8s important&nbsp;: alors que jusque-l\u00e0 plusieurs \u00e9tudes avaient sugg\u00e9r\u00e9 une migration rapide des esp\u00e8ces vers le nord, les chercheurs ont observ\u00e9 qu\u2019en fait les plantes herbac\u00e9es foresti\u00e8res persistent plus qu\u2019elles ne migrent. En revanche, \u00e0 terme, cette qualit\u00e9 pourrait devenir tr\u00e8s probl\u00e9matique. Car, avec l\u2019acc\u00e9l\u00e9ration du r\u00e9chauffement pr\u00e9vue d\u2019ici \u00e0&nbsp;2100 (+&nbsp;1,6 \u00e0 4,9&nbsp;\u00b0C entre 2091-2100 contre +&nbsp;1&nbsp;\u00b0C ces vingt derni\u00e8res ann\u00e9es), cette persistance risque de ne plus suffire pour contrebalancer la hausse des temp\u00e9ratures\u2026 Cons\u00e9quences, les esp\u00e8ces qui r\u00e9sistent actuellement risquent de dispara\u00eetre purement et simplement. Certaines pratiques peuvent induire des pressions suppl\u00e9mentaires sur la v\u00e9g\u00e9tation, contribuant ainsi \u00e0 accro\u00eetre la dette climatique. Parmi celles-ci&nbsp;: l\u2019ouverture du couvert forestier sous l\u2019effet de coupes et la fr\u00e9quentation des for\u00eats par l\u2019homme.<\/span><\/span><\/span><\/h4>\t\t\t\t<\/div>\n\t\t\t\t<\/div>\n\t\t\t\t<div class=\"elementor-element elementor-element-ffae7bf elementor-widget elementor-widget-softlite_dynamic_card_box\" data-id=\"ffae7bf\" data-element_type=\"widget\" data-e-type=\"widget\" data-widget_type=\"softlite_dynamic_card_box.default\">\n\t\t\t\t<div class=\"elementor-widget-container\">\n\t\t\t\t\t \n\t\t\t\t<div class=\"softlite-dynamic-card-box kjnk3k01\" data-softlite-card-box-link-href=\"\" data-softlite-card-box-link-target=\"\"><div class=\"n2ps0q19\"><div class=\"ocnn7zt3\"><figure data-hook=\"figure-IMAGE\" class=\"cj9w2bf8\"><div data-hook=\"image-viewer\" class=\"r91ccp77\"><div data-hook=\"image-viewer-57npm132351\" class=\"pgguovp5\"><wow-image data-image-info=\"{&quot;containerId&quot;:&quot;57npm132351&quot;,&quot;alignType&quot;:&quot;center&quot;,&quot;displayMode&quot;:&quot;fill&quot;,&quot;isLQIP&quot;:true,&quot;isSEOBot&quot;:false,&quot;lqipTransition&quot;:&quot;blur&quot;,&quot;encoding&quot;:&quot;AVIF&quot;,&quot;imageData&quot;:{&quot;width&quot;:1154,&quot;height&quot;:1168,&quot;uri&quot;:&quot;f569a5_f57c974637b84cd6b55262f9e5a2ceb3~mv2.png&quot;,&quot;name&quot;:&quot;&quot;,&quot;displayMode&quot;:&quot;fill&quot;}}\" data-motion-part=\"BG_IMG 57npm132351\" data-bg-effect-name=\"\" data-has-ssr-src=\"\" data-animate-blur=\"\" data-is-responsive=\"true\" data-transitioned=\"\" class=\"woflfcnd\"><img decoding=\"async\" class=\"adiupvqa softlite-dynamic-icon\" src=\"https:\/\/sc1qoyc4632.universe.wf\/wp-content\/uploads\/2026\/03\/f569a5_f57c974637b84cd6b55262f9e5a2ceb3mv2.png\" \/><\/wow-image><\/div><button type=\"button\" data-hook=\"image-expand-button\" aria-label=\"Agrandir l'image\" class=\"duzql6tx softlite-dynamic-card-box-background-color-1\"><svg viewBox=\"0 0 19 19\" xmlns=\"http:\/\/www.w3.org\/2000\/svg\" class=\"qyl76fh2\"><path d=\"M15.071 8.371V4.585l-4.355 4.356a.2.2 0 0 1-.283 0l-.374-.374a.2.2 0 0 1 0-.283l4.356-4.355h-3.786a.2.2 0 0 1-.2-.2V3.2c0-.11.09-.2.2-.2H16v5.371a.2.2 0 0 1-.2.2h-.529a.2.2 0 0 1-.2-.2zm-6.5 6.9v.529a.2.2 0 0 1-.2.2H3v-5.371c0-.11.09-.2.2-.2h.529c.11 0 .2.09.2.2v3.786l4.355-4.356a.2.2 0 0 1 .283 0l.374.374a.2.2 0 0 1 0 .283L4.585 15.07h3.786c.11 0 .2.09.2.2z\" fill=\"#000\" fill-rule=\"nonzero\"><\/path><\/svg><\/button><\/div><div data-hook=\"gap-spacer\" class=\"pdt7hsk6\"><\/div><div class=\"n2ps0q19\"><div class=\"j4htxade\"><figcaption class=\"sd796dtw\"><span class=\"bp95xw2g softlite-dynamic-card-box-text-1\">Synth\u00e8se des enjeux de continuit\u00e9 \u00e9cologiques r\u00e9gionales - Inventaire nationale du patrimoine naturel<\/span><\/figcaption><\/div><\/div><div data-hook=\"gap-spacer\" class=\"pdt7hsk6\"><\/div><\/figure><\/div><\/div><\/div> \t\t\t\t<\/div>\n\t\t\t\t<\/div>\n\t\t<div class=\"elementor-element elementor-element-311b3fb e-con-full e-flex e-con e-child\" data-id=\"311b3fb\" data-element_type=\"container\" data-e-type=\"container\" data-settings=\"{&quot;_ha_eqh_enable&quot;:false}\">\n\t\t\t\t<div class=\"elementor-element elementor-element-35ad21f elementor-widget__width-initial elementor-widget elementor-widget-heading\" data-id=\"35ad21f\" data-element_type=\"widget\" data-e-type=\"widget\" data-widget_type=\"heading.default\">\n\t\t\t\t\t<h5 class=\"elementor-heading-title elementor-size-default\"><span class=\"hvlv9g42\"><span class=\"z7gflyjz\"><span class=\"bev5p8hl\"><span class=\"bev5p8hl\">Une augmentation de 54&nbsp;% de la mortalit\u00e9 des arbres en une d\u00e9cennie<\/span><\/span><\/span><\/span><\/h5>\t\t\t\t<\/div>\n\t\t\t\t<\/div>\n\t\t<div class=\"elementor-element elementor-element-aa6c98a e-con-full e-flex e-con e-child\" data-id=\"aa6c98a\" data-element_type=\"container\" data-e-type=\"container\" data-settings=\"{&quot;_ha_eqh_enable&quot;:false}\">\n\t\t\t\t<div class=\"elementor-element elementor-element-e22e1b1 elementor-widget__width-initial elementor-widget elementor-widget-heading\" data-id=\"e22e1b1\" data-element_type=\"widget\" data-e-type=\"widget\" data-widget_type=\"heading.default\">\n\t\t\t\t\t<h4 class=\"elementor-heading-title elementor-size-default\"><span class=\"xylq7fq2\"><span class=\"gcd790bk\"><span class=\"gcd790bk\">Elle est li\u00e9e \u00e0 la r\u00e9currence d\u2019\u00e9pisodes de s\u00e9cheresse et de conditions climatiques \u00e0 la fois difficiles pour les arbres, et propices aux insectes xylophages, notamment les scolytes. <\/span><\/span><\/span><\/h4>\t\t\t\t<\/div>\n\t\t\t\t<\/div>\n\t\t<div class=\"elementor-element elementor-element-25bbdbb e-con-full e-flex e-con e-child\" data-id=\"25bbdbb\" data-element_type=\"container\" data-e-type=\"container\" data-settings=\"{&quot;_ha_eqh_enable&quot;:false}\">\n\t\t\t\t<div class=\"elementor-element elementor-element-ece8893 elementor-widget__width-initial elementor-widget elementor-widget-heading\" data-id=\"ece8893\" data-element_type=\"widget\" data-e-type=\"widget\" data-widget_type=\"heading.default\">\n\t\t\t\t\t<h4 class=\"elementor-heading-title elementor-size-default\"><span class=\"nkuepya5\"><br role=\"presentation\"><\/span><\/h4>\t\t\t\t<\/div>\n\t\t\t\t<\/div>\n\t\t<div class=\"elementor-element elementor-element-aca61bc e-con-full e-flex e-con e-child\" data-id=\"aca61bc\" data-element_type=\"container\" data-e-type=\"container\" data-settings=\"{&quot;_ha_eqh_enable&quot;:false}\">\n\t\t\t\t<div class=\"elementor-element elementor-element-d1e77fd elementor-widget__width-initial elementor-widget elementor-widget-heading\" data-id=\"d1e77fd\" data-element_type=\"widget\" data-e-type=\"widget\" data-widget_type=\"heading.default\">\n\t\t\t\t\t<h4 class=\"elementor-heading-title elementor-size-default\"><span class=\"qo40icux\"><span class=\"m8vh6ivf\"><span class=\"m8vh6ivf\">En France m\u00e9tropolitaine, la mortalit\u00e9\u0301 annuelle s\u2019\u00e9l\u00e8ve en moyenne a\u0300 11,4 millions de m\u00e8tres cubes (Mm3\/an) sur la p\u00e9riode 2012-2020, soit 0,7&nbsp;m3\/ha\/an. Au niveau national, rapport\u00e9e au volume total de bois vivant, cette mortalit\u00e9 en repr\u00e9sente 0,4&nbsp;%. <\/span><\/span><\/span><\/h4>\t\t\t\t<\/div>\n\t\t\t\t<\/div>\n\t\t<div class=\"elementor-element elementor-element-9654fcd e-con-full e-flex e-con e-child\" data-id=\"9654fcd\" data-element_type=\"container\" data-e-type=\"container\" data-settings=\"{&quot;_ha_eqh_enable&quot;:false}\">\n\t\t\t\t<div class=\"elementor-element elementor-element-f431d41 elementor-widget__width-initial elementor-widget elementor-widget-heading\" data-id=\"f431d41\" data-element_type=\"widget\" data-e-type=\"widget\" data-widget_type=\"heading.default\">\n\t\t\t\t\t<h4 class=\"elementor-heading-title elementor-size-default\"><span class=\"us8t8r39\"><br role=\"presentation\"><\/span><\/h4>\t\t\t\t<\/div>\n\t\t\t\t<\/div>\n\t\t<div class=\"elementor-element elementor-element-f9029ab e-con-full e-flex e-con e-child\" data-id=\"f9029ab\" data-element_type=\"container\" data-e-type=\"container\" data-settings=\"{&quot;_ha_eqh_enable&quot;:false}\">\n\t\t\t\t<div class=\"elementor-element elementor-element-bbe6a48 elementor-widget__width-initial elementor-widget elementor-widget-heading\" data-id=\"bbe6a48\" data-element_type=\"widget\" data-e-type=\"widget\" data-widget_type=\"heading.default\">\n\t\t\t\t\t<h4 class=\"elementor-heading-title elementor-size-default\"><span class=\"l15uh0ga\"><span class=\"ua7ytptn\"><span class=\"v81s8zbj\">Les for\u00eats des r\u00e9gions Grand Est et Bourgogne-Franche Comt\u00e9 sont les plus touch\u00e9es par la surmortalit\u00e9 sur la p\u00e9riode observ\u00e9e, les moins impact\u00e9es \u00e9tant les r\u00e9gions du sud. Les essences d\u2019arbres les plus affect\u00e9es par une surmortalit\u00e9 sont le ch\u00e2taignier, l\u2019\u00e9pic\u00e9a commun et le fr\u00eane.<\/span><\/span><\/span><\/h4>\t\t\t\t<\/div>\n\t\t\t\t<\/div>\n\t\t<div class=\"elementor-element elementor-element-6d09189 e-con-full e-flex e-con e-child\" data-id=\"6d09189\" data-element_type=\"container\" data-e-type=\"container\" data-settings=\"{&quot;_ha_eqh_enable&quot;:false}\">\n\t\t\t\t<div class=\"elementor-element elementor-element-d6a2d03 elementor-widget__width-initial elementor-widget elementor-widget-heading\" data-id=\"d6a2d03\" data-element_type=\"widget\" data-e-type=\"widget\" data-widget_type=\"heading.default\">\n\t\t\t\t\t<h4 class=\"elementor-heading-title elementor-size-default\"><span class=\"dipbkasq\"><span class=\"zl6nbj4z\"><span class=\"axlmwwsf\">Ainsi, sur la p\u00e9riode r\u00e9cente, la croissance des arbres est plus faible tandis que pr\u00e9l\u00e8vements et mortalit\u00e9 sont en augmentation. Aujourd\u2019hui, le bilan entre la croissance des arbres (5,5 m3\/ha\/an), la mortalit\u00e9 naturelle des arbres (0,7&nbsp;m3\/ha\/an) et les pr\u00e9l\u00e8vements de bois par l\u2019Homme (3,2&nbsp;m3\/ha\/an) se traduit par une augmentation du volume de la for\u00eat de 1,6&nbsp;m3\/ha\/an, soit 25,4&nbsp;Mm3\/an au niveau national. Sur la p\u00e9riode 2005-2013, ce bilan \u00e9tait de 2,5&nbsp;m3\/ha\/an, soit 41,7&nbsp;Mm3\/an pour la France m\u00e9tropolitaine.<\/span><\/span><\/span><\/h4>\t\t\t\t<\/div>\n\t\t\t\t<\/div>\n\t\t<div class=\"elementor-element elementor-element-2f91779 e-con-full e-flex e-con e-child\" data-id=\"2f91779\" data-element_type=\"container\" data-e-type=\"container\" data-settings=\"{&quot;_ha_eqh_enable&quot;:false}\">\n\t\t<div class=\"elementor-element elementor-element-d6b1d01 e-con-full e-flex e-con e-child\" data-id=\"d6b1d01\" data-element_type=\"container\" data-e-type=\"container\" data-settings=\"{&quot;_ha_eqh_enable&quot;:false}\">\n\t\t\t\t<div class=\"elementor-element elementor-element-47a0a43 elementor-widget__width-initial elementor-widget elementor-widget-heading\" data-id=\"47a0a43\" data-element_type=\"widget\" data-e-type=\"widget\" data-widget_type=\"heading.default\">\n\t\t\t\t\t<span class=\"elementor-heading-title elementor-size-default\"><br role=\"presentation\"><\/span>\t\t\t\t<\/div>\n\t\t\t\t<\/div>\n\t\t\t\t<\/div>\n\t\t<div class=\"elementor-element elementor-element-35f1bb9 e-con-full e-flex e-con e-child\" data-id=\"35f1bb9\" data-element_type=\"container\" data-e-type=\"container\" data-settings=\"{&quot;_ha_eqh_enable&quot;:false}\">\n\t\t\t\t<div class=\"elementor-element elementor-element-3bcca6a elementor-widget__width-initial elementor-widget elementor-widget-heading\" data-id=\"3bcca6a\" data-element_type=\"widget\" data-e-type=\"widget\" data-widget_type=\"heading.default\">\n\t\t\t\t\t<h5 class=\"elementor-heading-title elementor-size-default\"><span class=\"u8la4n4h\"><span class=\"e8f1cxcs\"><span class=\"uae93srd\"><span class=\"uae93srd\">Une augmentation en continu de la superficie foresti\u00e8re m\u00e9tropolitaine<\/span><\/span><\/span><\/span><\/h5>\t\t\t\t<\/div>\n\t\t\t\t<\/div>\n\t\t<div class=\"elementor-element elementor-element-4da6927 e-con-full e-flex e-con e-child\" data-id=\"4da6927\" data-element_type=\"container\" data-e-type=\"container\" data-settings=\"{&quot;_ha_eqh_enable&quot;:false}\">\n\t\t\t\t<div class=\"elementor-element elementor-element-84598ac elementor-widget__width-initial elementor-widget elementor-widget-heading\" data-id=\"84598ac\" data-element_type=\"widget\" data-e-type=\"widget\" data-widget_type=\"heading.default\">\n\t\t\t\t\t<h4 class=\"elementor-heading-title elementor-size-default\"><span class=\"sb5sg4hs\"><span class=\"r5i6e3zz\"><span class=\"r5i6e3zz\">La surface de la for\u00eat augmente, atteignant 17,1 millions d\u2019hectares en 2021, soit une extension de 21&nbsp;% depuis 1985. Une tendance constante depuis plus d\u2019un si\u00e8cle : en 1908, la for\u00eat couvrait 19&nbsp;% du territoire m\u00e9tropolitain, avec pr\u00e8s de 10 millions d\u2019hectares. Elle en couvre plus de 31&nbsp;% aujourd\u2019hui. Le volume total de bois en for\u00eat s\u2019accroit \u00e9galement de 50&nbsp;% en 30 ans, atteignant 2,8 milliards de m\u00e8tres cubes.<\/span><\/span><\/span><\/h4>\t\t\t\t<\/div>\n\t\t\t\t<\/div>\n\t\t<div class=\"elementor-element elementor-element-db0cfa8 e-con-full e-flex e-con e-child\" data-id=\"db0cfa8\" data-element_type=\"container\" data-e-type=\"container\" data-settings=\"{&quot;_ha_eqh_enable&quot;:false}\">\n\t\t\t\t<div class=\"elementor-element elementor-element-2a95c2c elementor-widget__width-initial elementor-widget elementor-widget-heading\" data-id=\"2a95c2c\" data-element_type=\"widget\" data-e-type=\"widget\" data-widget_type=\"heading.default\">\n\t\t\t\t\t<h4 class=\"elementor-heading-title elementor-size-default\"><span class=\"j8mr7sjh\"><br role=\"presentation\"><\/span><\/h4>\t\t\t\t<\/div>\n\t\t\t\t<\/div>\n\t\t<div class=\"elementor-element elementor-element-1b601b9 e-con-full e-flex e-con e-child\" data-id=\"1b601b9\" data-element_type=\"container\" data-e-type=\"container\" data-settings=\"{&quot;_ha_eqh_enable&quot;:false}\">\n\t\t\t\t<div class=\"elementor-element elementor-element-480bc4d elementor-widget__width-initial elementor-widget elementor-widget-heading\" data-id=\"480bc4d\" data-element_type=\"widget\" data-e-type=\"widget\" data-widget_type=\"heading.default\">\n\t\t\t\t\t<h4 class=\"elementor-heading-title elementor-size-default\"><span class=\"ts7cpg50\"><span class=\"cn7ivy2z\"><span class=\"dbvu2p57\">Malheureusement, les boisements s'\u00e9loignent de plus en plus des exploitations agricoles dont les taux d'\u00e9vapotranspiration augmentent dangereusement et des villes qui ont besoin de fra\u00eecheur pour limiter les mont\u00e9es en temp\u00e9ratures de l'atmosph\u00e8re. Pour preuve, les cinq d\u00e9partements qui ont un taux de boisement inferieur a\u0300 10&nbsp;% sont les plus gros exploitants de la terre : la Manche, la Vend\u00e9e, la Mayenne, le Pas-de-Calais et les Deux-S\u00e8vres. Et les quatre d\u00e9partements qui ont un taux de boisement sup\u00e9rieur a\u0300 60&nbsp;% sont les d\u00e9partements o\u00f9 l'activit\u00e9 agricole s'efface tant les conditions de culture sont devenues non propice : la Corse du Sud, les Alpes-Maritimes, le Var et les Alpes de Haute-Provence.<\/span><\/span><\/span><\/h4>\t\t\t\t<\/div>\n\t\t\t\t<\/div>\n\t\t<div class=\"elementor-element elementor-element-6ae5048 e-con-full e-flex e-con e-child\" data-id=\"6ae5048\" data-element_type=\"container\" data-e-type=\"container\" data-settings=\"{&quot;_ha_eqh_enable&quot;:false}\">\n\t\t<div class=\"elementor-element elementor-element-cea3a15 e-con-full e-flex e-con e-child\" data-id=\"cea3a15\" data-element_type=\"container\" data-e-type=\"container\" data-settings=\"{&quot;_ha_eqh_enable&quot;:false}\">\n\t\t\t\t<div class=\"elementor-element elementor-element-2d8099a elementor-widget__width-initial elementor-widget elementor-widget-heading\" data-id=\"2d8099a\" data-element_type=\"widget\" data-e-type=\"widget\" data-widget_type=\"heading.default\">\n\t\t\t\t\t<span class=\"elementor-heading-title elementor-size-default\"><br role=\"presentation\"><\/span>\t\t\t\t<\/div>\n\t\t\t\t<\/div>\n\t\t\t\t<\/div>\n\t\t<div class=\"elementor-element elementor-element-2b4852a e-con-full e-flex e-con e-child\" data-id=\"2b4852a\" data-element_type=\"container\" data-e-type=\"container\" data-settings=\"{&quot;_ha_eqh_enable&quot;:false}\">\n\t\t\t\t<div class=\"elementor-element elementor-element-42c6038 elementor-widget__width-initial elementor-widget elementor-widget-heading\" data-id=\"42c6038\" data-element_type=\"widget\" data-e-type=\"widget\" data-widget_type=\"heading.default\">\n\t\t\t\t\t<h5 class=\"elementor-heading-title elementor-size-default\"><span class=\"ysne4jbp\"><span class=\"gopi8wsf\"><span class=\"avlink98\"><span class=\"avlink98\">Une tendance \u00e0 l\u2019augmentation de la diversit\u00e9 des peuplements de la for\u00eat fran\u00e7aise<\/span><\/span><\/span><\/span><\/h5>\t\t\t\t<\/div>\n\t\t\t\t<\/div>\n\t\t<div class=\"elementor-element elementor-element-06ee791 e-con-full e-flex e-con e-child\" data-id=\"06ee791\" data-element_type=\"container\" data-e-type=\"container\" data-settings=\"{&quot;_ha_eqh_enable&quot;:false}\">\n\t\t\t\t<div class=\"elementor-element elementor-element-33bb111 elementor-widget__width-initial elementor-widget elementor-widget-heading\" data-id=\"33bb111\" data-element_type=\"widget\" data-e-type=\"widget\" data-widget_type=\"heading.default\">\n\t\t\t\t\t<h4 class=\"elementor-heading-title elementor-size-default\"><span class=\"dvxanbm5\"><span class=\"k84fmary\"><span class=\"b8p3emqy\">47&nbsp;% de la for\u00eat fran\u00e7aise sont constitu\u00e9s de peuplements pour lesquels une essence d\u2019arbre occupe plus de 75&nbsp;% du couvert dans l\u2019\u00e9tage dominant, ils sont appel\u00e9s \u00abmonosp\u00e9cifiques\u00bb (51&nbsp;% en 2017). Les peuplements \u00e0 deux essences repr\u00e9sentent un tiers des peuplements, et ceux \u00e0 plus de deux essences en repr\u00e9sentent 19&nbsp;%.<\/span><\/span><\/span><\/h4>\t\t\t\t<\/div>\n\t\t\t\t<\/div>\n\t\t<div class=\"elementor-element elementor-element-2a8aa7f e-con-full e-flex e-con e-child\" data-id=\"2a8aa7f\" data-element_type=\"container\" data-e-type=\"container\" data-settings=\"{&quot;_ha_eqh_enable&quot;:false}\">\n\t\t\t\t<div class=\"elementor-element elementor-element-65c01dd elementor-widget__width-initial elementor-widget elementor-widget-heading\" data-id=\"65c01dd\" data-element_type=\"widget\" data-e-type=\"widget\" data-widget_type=\"heading.default\">\n\t\t\t\t\t<h4 class=\"elementor-heading-title elementor-size-default\"><span class=\"f19seshs\"><span class=\"blb8j5na\"><span class=\"ivh8twz8\">La for\u00eat compte une majorit\u00e9 de feuillus (67&nbsp;% de la superficie foresti\u00e8re, soit 10 millions d\u2019hectares), essentiellement dans les plaines ou a\u0300 moyenne altitude. Les conif\u00e8res sont situ\u00e9s en zone montagneuse, dans le massif landais et dans les plantations r\u00e9centes de l\u2019ouest de la France. Des peuplements mixtes se rencontrent souvent en moyenne montagne ou dans les massifs forestiers accueillant les deux autres types de peuplements (Sologne, Dordogne, Bretagne).<\/span><\/span><\/span><\/h4>\t\t\t\t<\/div>\n\t\t\t\t<\/div>\n\t\t<div class=\"elementor-element elementor-element-24dae7d e-con-full e-flex e-con e-child\" data-id=\"24dae7d\" data-element_type=\"container\" data-e-type=\"container\" data-settings=\"{&quot;_ha_eqh_enable&quot;:false}\">\n\t\t\t\t<div class=\"elementor-element elementor-element-6330eb4 elementor-widget__width-initial elementor-widget elementor-widget-heading\" data-id=\"6330eb4\" data-element_type=\"widget\" data-e-type=\"widget\" data-widget_type=\"heading.default\">\n\t\t\t\t\t<h4 class=\"elementor-heading-title elementor-size-default\"><span class=\"zbfea9mk\"><br role=\"presentation\"><\/span><\/h4>\t\t\t\t<\/div>\n\t\t\t\t<\/div>\n\t\t<div class=\"elementor-element elementor-element-4dfff21 e-con-full e-flex e-con e-child\" data-id=\"4dfff21\" data-element_type=\"container\" data-e-type=\"container\" data-settings=\"{&quot;_ha_eqh_enable&quot;:false}\">\n\t\t\t\t<div class=\"elementor-element elementor-element-00c4fbc elementor-widget__width-initial elementor-widget elementor-widget-heading\" data-id=\"00c4fbc\" data-element_type=\"widget\" data-e-type=\"widget\" data-widget_type=\"heading.default\">\n\t\t\t\t\t<h4 class=\"elementor-heading-title elementor-size-default\"><span class=\"tvusrhiw\"><span class=\"gblo3bxa\"><span class=\"gblo3bxa\">Au niveau r\u00e9gional, les for\u00eats du nord-est de la France et du Massif central sont les plus diversifi\u00e9es. \u00c0 l\u2019oppos\u00e9, le massif landais est un grand massif de peuplements en pin maritime.<\/span><\/span><\/span><\/h4>\t\t\t\t<\/div>\n\t\t\t\t<\/div>\n\t\t<div class=\"elementor-element elementor-element-e0684ba e-con-full e-flex e-con e-child\" data-id=\"e0684ba\" data-element_type=\"container\" data-e-type=\"container\" data-settings=\"{&quot;_ha_eqh_enable&quot;:false}\">\n\t\t\t\t<div class=\"elementor-element elementor-element-a0d85b7 elementor-widget__width-initial elementor-widget elementor-widget-heading\" data-id=\"a0d85b7\" data-element_type=\"widget\" data-e-type=\"widget\" data-widget_type=\"heading.default\">\n\t\t\t\t\t<h4 class=\"elementor-heading-title elementor-size-default\"><span class=\"an2b0c61\"><br role=\"presentation\"><\/span><\/h4>\t\t\t\t<\/div>\n\t\t\t\t<\/div>\n\t\t<div class=\"elementor-element elementor-element-994c70d e-con-full e-flex e-con e-child\" data-id=\"994c70d\" data-element_type=\"container\" data-e-type=\"container\" data-settings=\"{&quot;_ha_eqh_enable&quot;:false}\">\n\t\t\t\t<div class=\"elementor-element elementor-element-78a3baf elementor-widget__width-initial elementor-widget elementor-widget-heading\" data-id=\"78a3baf\" data-element_type=\"widget\" data-e-type=\"widget\" data-widget_type=\"heading.default\">\n\t\t\t\t\t<h4 class=\"elementor-heading-title elementor-size-default\"><span class=\"gffwgvqk\"><span class=\"r6azn63t\"><span class=\"r6azn63t\">Dans un contexte de mutation acce\u0301le\u0301re\u0301e des \u00e9cosyst\u00e8mes forestiers et a\u0300 l\u2019heure de la transition \u00e9cologique et \u00e9nerg\u00e9tique, le suivi des for\u00eats avec l\u2019inventaire forestier national est essentiel, pour identifier et comprendre les m\u00e9canismes mis en oeuvre naturellement pour r\u00e9sister au d\u00e9ficit hydrique de plus en plus fort. Les agrosyst\u00e8mes ont tout int\u00e9r\u00eat \u00e0 s'inspirer des essences qui s'installent durablement et r\u00e9sistent pour les implanter \u00e0 l'int\u00e9rieur des parcelles de production. Les performances agroforesti\u00e8res sont des plus prometteuses.<\/span><\/span><\/span><\/h4>\t\t\t\t<\/div>\n\t\t\t\t<\/div>\n\t\t<div class=\"elementor-element elementor-element-617e3ef e-con-full e-flex e-con e-child\" data-id=\"617e3ef\" data-element_type=\"container\" data-e-type=\"container\" data-settings=\"{&quot;_ha_eqh_enable&quot;:false}\">\n\t\t<div class=\"elementor-element elementor-element-a4b5949 e-con-full e-flex e-con e-child\" data-id=\"a4b5949\" data-element_type=\"container\" data-e-type=\"container\" data-settings=\"{&quot;_ha_eqh_enable&quot;:false}\">\n\t\t\t\t<div class=\"elementor-element elementor-element-67b2464 elementor-widget__width-initial elementor-widget elementor-widget-heading\" data-id=\"67b2464\" data-element_type=\"widget\" data-e-type=\"widget\" data-widget_type=\"heading.default\">\n\t\t\t\t\t<span class=\"elementor-heading-title elementor-size-default\"><br role=\"presentation\"><\/span>\t\t\t\t<\/div>\n\t\t\t\t<\/div>\n\t\t\t\t<\/div>\n\t\t<div class=\"elementor-element elementor-element-2b06b4b e-con-full e-flex e-con e-child\" data-id=\"2b06b4b\" data-element_type=\"container\" data-e-type=\"container\" data-settings=\"{&quot;_ha_eqh_enable&quot;:false}\">\n\t\t\t\t<div class=\"elementor-element elementor-element-d9039a5 elementor-widget__width-initial elementor-widget elementor-widget-heading\" data-id=\"d9039a5\" data-element_type=\"widget\" data-e-type=\"widget\" data-widget_type=\"heading.default\">\n\t\t\t\t\t<h3 class=\"elementor-heading-title elementor-size-default\"><span class=\"l3ddqn38\"><span class=\"gkej6pd5\"><span class=\"gkej6pd5\">Les performances de l'agroforesterie<\/span><\/span><\/span><\/h3>\t\t\t\t<\/div>\n\t\t\t\t<\/div>\n\t\t<div class=\"elementor-element elementor-element-e994dd6 e-con-full e-flex e-con e-child\" data-id=\"e994dd6\" data-element_type=\"container\" data-e-type=\"container\" data-settings=\"{&quot;_ha_eqh_enable&quot;:false}\">\n\t\t\t\t<div class=\"elementor-element elementor-element-faaabbc elementor-widget__width-initial elementor-widget elementor-widget-heading\" data-id=\"faaabbc\" data-element_type=\"widget\" data-e-type=\"widget\" data-widget_type=\"heading.default\">\n\t\t\t\t\t<h4 class=\"elementor-heading-title elementor-size-default\"><span class=\"em8jbqxk\"><span class=\"akrisf93\"><span class=\"akrisf93\">Cette \u00e9tude est le r\u00e9sultat d\u2019un immense travail de synth\u00e8se r\u00e9alis\u00e9 par une \u00e9quipe franco-n\u00e9erlandaise : une compilation de 95 m\u00e9ta-analyses, 5 156 \u00e9tudes et 54 554 exp\u00e9rimentations r\u00e9parties sur 85 ans, plus de 120 types de cultures et 85 pays. <\/span><\/span><\/span><\/h4>\t\t\t\t<\/div>\n\t\t\t\t<\/div>\n\t\t<div class=\"elementor-element elementor-element-27c6892 e-con-full e-flex e-con e-child\" data-id=\"27c6892\" data-element_type=\"container\" data-e-type=\"container\" data-settings=\"{&quot;_ha_eqh_enable&quot;:false}\">\n\t\t\t\t<div class=\"elementor-element elementor-element-bf6044d elementor-widget__width-initial elementor-widget elementor-widget-heading\" data-id=\"bf6044d\" data-element_type=\"widget\" data-e-type=\"widget\" data-widget_type=\"heading.default\">\n\t\t\t\t\t<h4 class=\"elementor-heading-title elementor-size-default\"><span class=\"s29r6z7a\"><br role=\"presentation\"><\/span><\/h4>\t\t\t\t<\/div>\n\t\t\t\t<\/div>\n\t\t<div class=\"elementor-element elementor-element-408c23a e-con-full e-flex e-con e-child\" data-id=\"408c23a\" data-element_type=\"container\" data-e-type=\"container\" data-settings=\"{&quot;_ha_eqh_enable&quot;:false}\">\n\t\t\t\t<div class=\"elementor-element elementor-element-43a8377 elementor-widget__width-initial elementor-widget elementor-widget-heading\" data-id=\"43a8377\" data-element_type=\"widget\" data-e-type=\"widget\" data-widget_type=\"heading.default\">\n\t\t\t\t\t<h4 class=\"elementor-heading-title elementor-size-default\"><span class=\"cf389qnh\"><span class=\"gyr3mhgc\"><span class=\"u1n6iuyd\">L'\u00e9tude porte notamment sur les effets de la diversification des cultures qui entra\u00eene une hausse de la production de 14 % et de pr\u00e8s d\u2019un quart de la biodiversit\u00e9 associ\u00e9e. La qualit\u00e9 de l\u2019eau s'en retrouve am\u00e9lior\u00e9e de 50 %, la lutte contre les ravageurs et maladies de plus de 63 % et la qualit\u00e9 des sols de 11 %. Les auteurs, des scientifiques du Cirad, d\u2019INRAE et de l\u2019Universit\u00e9 libre d\u2019Amsterdam, diff\u00e9rencient les strat\u00e9gies de diversification mises en \u0153uvre et soulignent les belles performances de l\u2019agroforesterie.<\/span><\/span><\/span><\/h4>\t\t\t\t<\/div>\n\t\t\t\t<\/div>\n\t\t<div class=\"elementor-element elementor-element-5625ae6 e-con-full e-flex e-con e-child\" data-id=\"5625ae6\" data-element_type=\"container\" data-e-type=\"container\" data-settings=\"{&quot;_ha_eqh_enable&quot;:false}\">\n\t\t\t\t<div class=\"elementor-element elementor-element-6476112 elementor-widget__width-initial elementor-widget elementor-widget-heading\" data-id=\"6476112\" data-element_type=\"widget\" data-e-type=\"widget\" data-widget_type=\"heading.default\">\n\t\t\t\t\t<h4 class=\"elementor-heading-title elementor-size-default\"><span class=\"xe162enj\"><br role=\"presentation\"><\/span><\/h4>\t\t\t\t<\/div>\n\t\t\t\t<\/div>\n\t\t<div class=\"elementor-element elementor-element-a907df3 e-con-full e-flex e-con e-child\" data-id=\"a907df3\" data-element_type=\"container\" data-e-type=\"container\" data-settings=\"{&quot;_ha_eqh_enable&quot;:false}\">\n\t\t\t\t<div class=\"elementor-element elementor-element-b145fd6 elementor-widget__width-initial elementor-widget elementor-widget-heading\" data-id=\"b145fd6\" data-element_type=\"widget\" data-e-type=\"widget\" data-widget_type=\"heading.default\">\n\t\t\t\t\t<h4 class=\"elementor-heading-title elementor-size-default\"><span class=\"embaie8w\"><span class=\"wvw4y99z\"><span class=\"wvw4y99z\">L\u2019article, paru le 18 juillet 2021 dans Global Change Biology, rassemble pour la premi\u00e8re fois un nombre cons\u00e9quent de preuves empiriques des effets positifs de la biodiversit\u00e9 cultiv\u00e9e sur les agro\u00e9cosyst\u00e8mes. <\/span><\/span><\/span><\/h4>\t\t\t\t<\/div>\n\t\t\t\t<\/div>\n\t\t\t\t<div class=\"elementor-element elementor-element-ebe17a4 elementor-widget elementor-widget-softlite_dynamic_card_box\" data-id=\"ebe17a4\" data-element_type=\"widget\" data-e-type=\"widget\" data-widget_type=\"softlite_dynamic_card_box.default\">\n\t\t\t\t<div class=\"elementor-widget-container\">\n\t\t\t\t\t <div class=\"softlite-dynamic-card-box uctzhfck\" data-softlite-card-box-link-href=\"\" data-softlite-card-box-link-target=\"\"><div dir=\"auto\" class=\"s8wb9hal\"><blockquote class=\"ot54zpmo\"><span class=\"lk27ghup\"><div dir=\"auto\" class=\"qjzrsqdz\"><span class=\"xrcgnz6p\"><span class=\"wlx71j7i\"><span class=\"vwbjy4hu softlite-dynamic-card-box-text-1\">\u00ab<\/span><\/span><em class=\"khdh6rvx\"><span class=\"mgztec2m\"><span class=\"softlite-dynamic-card-box-text-2 vwbjy4hu\">Jusqu\u2019ici, la plupart des \u00e9tudes \u00e9taient dispers\u00e9es. Avec ce travail, nous synth\u00e9tisons les impacts quantifi\u00e9s de plus de 5 000 exp\u00e9rimentations de terrain, effectu\u00e9es dans le monde entier, de 1936 \u00e0 aujourd\u2019hui.<\/span><\/span><\/em><span class=\"wlx71j7i\"><span class=\"softlite-dynamic-card-box-text-3 vwbjy4hu\">\u00bb<\/span><\/span><span class=\"wlx71j7i\"><span class=\"softlite-dynamic-card-box-text-4 vwbjy4hu\">Damien Beillouin, chercheur au Cirad sp\u00e9cialis\u00e9 en analyse de donn\u00e9es agronomiques<\/span><\/span><\/span><\/div><\/span><\/blockquote><\/div><\/div> \t\t\t\t<\/div>\n\t\t\t\t<\/div>\n\t\t<div class=\"elementor-element elementor-element-ccb2314 e-con-full e-flex e-con e-child\" data-id=\"ccb2314\" data-element_type=\"container\" data-e-type=\"container\" data-settings=\"{&quot;_ha_eqh_enable&quot;:false}\">\n\t\t\t\t<div class=\"elementor-element elementor-element-9671fd9 elementor-widget__width-initial elementor-widget elementor-widget-heading\" data-id=\"9671fd9\" data-element_type=\"widget\" data-e-type=\"widget\" data-widget_type=\"heading.default\">\n\t\t\t\t\t<h4 class=\"elementor-heading-title elementor-size-default\"><span class=\"xxlxyksh\"><span class=\"gmc4hi6w\"><span class=\"gmc4hi6w\">Les scientifiques d\u00e9taillent les effets de cinq grandes pratiques de diversification des syst\u00e8mes de culture, en fonction de la diversification dans l\u2019espace et le temps, \u00e0 savoir :<\/span><\/span><\/span><\/h4>\t\t\t\t<\/div>\n\t\t\t\t<\/div>\n\t\t<div class=\"elementor-element elementor-element-7b88cc2 e-con-full e-flex e-con e-child\" data-id=\"7b88cc2\" data-element_type=\"container\" data-e-type=\"container\" data-settings=\"{&quot;_ha_eqh_enable&quot;:false}\">\n\t\t\t\t<div class=\"elementor-element elementor-element-2d77115 elementor-widget__width-initial elementor-widget-mobile__width-initial elementor-widget elementor-widget-softlite_dynamic_list\" data-id=\"2d77115\" data-element_type=\"widget\" data-e-type=\"widget\" data-widget_type=\"softlite_dynamic_list.default\">\n\t\t\t\t\t<div class=\"softlite-wrapper\"> <div class=\"bwxdvljf softlite-dynamic-list\" data-softlite-slider=\"{&quot;enable&quot;:false,&quot;swiperOptions&quot;:{&quot;breakpoints&quot;:{&quot;2400&quot;:{&quot;slidesPerView&quot;:null,&quot;slidesPerGroup&quot;:null,&quot;spaceBetween&quot;:27},&quot;1366&quot;:{&quot;slidesPerView&quot;:null,&quot;slidesPerGroup&quot;:null,&quot;spaceBetween&quot;:27},&quot;1200&quot;:{&quot;slidesPerView&quot;:null,&quot;slidesPerGroup&quot;:null,&quot;spaceBetween&quot;:27},&quot;1024&quot;:{&quot;slidesPerView&quot;:null,&quot;slidesPerGroup&quot;:null,&quot;spaceBetween&quot;:27},&quot;880&quot;:{&quot;spaceBetween&quot;:27,&quot;slidesPerView&quot;:null,&quot;slidesPerGroup&quot;:null},&quot;767&quot;:{&quot;slidesPerView&quot;:null,&quot;slidesPerGroup&quot;:null,&quot;spaceBetween&quot;:27},&quot;0&quot;:{&quot;spaceBetween&quot;:27,&quot;slidesPerView&quot;:null,&quot;slidesPerGroup&quot;:null}}}}\"><li dir=\"auto\" aria-level=\"1\" class=\"pg6fqf1o softlite-dynamic-list-item softlite-dynamic-list-item-inner\"><h4 dir=\"\" class=\"glnlxxil softlite-dynamic-list-item-text-1\">L\u2019agroforesterie : qui consiste \u00e0 inclure dans les syst\u00e8mes de culture ou d\u2019\u00e9levage une v\u00e9g\u00e9tation ligneuse, tels que des arbres ou des arbustes. <\/h4><\/li><li dir=\"auto\" aria-level=\"1\" class=\"pg6fqf1o softlite-dynamic-list-item softlite-dynamic-list-item-inner\"><h4 dir=\"\" class=\"glnlxxil softlite-dynamic-list-item-text-1\">Les cultures associ\u00e9es : qui consistent \u00e0 cultiver plusieurs esp\u00e8ces diff\u00e9rentes dans le m\u00eame champ. Parmi quelques exemples, on trouve les cultures en relais (semis sous couvert de la culture pr\u00e9c\u00e9dente), les cultures en bandes (des bandes d\u2019une culture et de l\u2019autre alternent dans une m\u00eame parcelle).<\/h4><\/li><li dir=\"auto\" aria-level=\"1\" class=\"pg6fqf1o softlite-dynamic-list-item softlite-dynamic-list-item-inner\"><h4 dir=\"\" class=\"glnlxxil softlite-dynamic-list-item-text-1\">Les m\u00e9langes vari\u00e9taux : lorsque plusieurs vari\u00e9t\u00e9s de la m\u00eame esp\u00e8ce sont cultiv\u00e9es en m\u00eame temps dans une m\u00eame parcelle.<\/h4><\/li><li dir=\"auto\" aria-level=\"1\" class=\"pg6fqf1o softlite-dynamic-list-item softlite-dynamic-list-item-inner\"><h4 dir=\"\" class=\"glnlxxil softlite-dynamic-list-item-text-1\">La rotation des cultures : soit un encha\u00eenement r\u00e9current d\u2019une diversit\u00e9 de cultures s\u00e9lectionn\u00e9es, cultiv\u00e9es sur un m\u00eame champ selon un cycle de temps pr\u00e9d\u00e9fini (succession r\u00e9guli\u00e8re de cultures).<\/h4><\/li><li dir=\"auto\" aria-level=\"1\" class=\"pg6fqf1o softlite-dynamic-list-item softlite-dynamic-list-item-inner\"><h4 dir=\"\" class=\"glnlxxil softlite-dynamic-list-item-text-1\">Les cultures de couvertures (ou \u00ab couvertures v\u00e9g\u00e9tales \u00bb) : qui visent \u00e0 cultiver des plantes \u00e0 des fins agronomiques et environnementales (par exemple, limiter les pertes en nitrates) en compl\u00e9ment d\u2019une culture principale, comme les cultures interm\u00e9diaires, ou les bordures entourant les parcelles cultiv\u00e9es.<\/h4><\/li><\/div> <\/div>\t\t\t\t<\/div>\n\t\t\t\t<\/div>\n\t\t<div class=\"elementor-element elementor-element-e26aba6 e-con-full e-flex e-con e-child\" data-id=\"e26aba6\" data-element_type=\"container\" data-e-type=\"container\" data-settings=\"{&quot;_ha_eqh_enable&quot;:false}\">\n\t\t<div class=\"elementor-element elementor-element-f0f2a18 e-con-full e-flex e-con e-child\" data-id=\"f0f2a18\" data-element_type=\"container\" data-e-type=\"container\" data-settings=\"{&quot;_ha_eqh_enable&quot;:false}\">\n\t\t\t\t<div class=\"elementor-element elementor-element-50c96b7 elementor-widget__width-initial elementor-widget elementor-widget-heading\" data-id=\"50c96b7\" data-element_type=\"widget\" data-e-type=\"widget\" data-widget_type=\"heading.default\">\n\t\t\t\t\t<span class=\"elementor-heading-title elementor-size-default\"><br role=\"presentation\"><\/span>\t\t\t\t<\/div>\n\t\t\t\t<\/div>\n\t\t\t\t<\/div>\n\t\t<div class=\"elementor-element elementor-element-9ed24e8 e-con-full e-flex e-con e-child\" data-id=\"9ed24e8\" data-element_type=\"container\" data-e-type=\"container\" data-settings=\"{&quot;_ha_eqh_enable&quot;:false}\">\n\t\t\t\t<div class=\"elementor-element elementor-element-a574e5d elementor-widget__width-initial elementor-widget elementor-widget-heading\" data-id=\"a574e5d\" data-element_type=\"widget\" data-e-type=\"widget\" data-widget_type=\"heading.default\">\n\t\t\t\t\t<h4 class=\"elementor-heading-title elementor-size-default\"><span class=\"dhg9artl\"><span class=\"zvd23f35\"><span class=\"zvd23f35\">En r\u00e9alisant une analyse statistique de l\u2019ensemble des donn\u00e9es exp\u00e9rimentales disponibles, les chercheurs montrent que ces strat\u00e9gies de diversification conduisent une hausse de : <\/span><\/span><\/span><\/h4>\t\t\t\t<\/div>\n\t\t\t\t<\/div>\n\t\t<div class=\"elementor-element elementor-element-93aa292 e-con-full e-flex e-con e-child\" data-id=\"93aa292\" data-element_type=\"container\" data-e-type=\"container\" data-settings=\"{&quot;_ha_eqh_enable&quot;:false}\">\n\t\t\t\t<div class=\"elementor-element elementor-element-34807f5 elementor-widget__width-initial elementor-widget-mobile__width-initial elementor-widget elementor-widget-softlite_dynamic_list\" data-id=\"34807f5\" data-element_type=\"widget\" data-e-type=\"widget\" data-widget_type=\"softlite_dynamic_list.default\">\n\t\t\t\t\t<div class=\"softlite-wrapper\"> <div class=\"qal8c2ns softlite-dynamic-list\" data-softlite-slider=\"{&quot;enable&quot;:false,&quot;swiperOptions&quot;:{&quot;breakpoints&quot;:{&quot;2400&quot;:{&quot;slidesPerView&quot;:null,&quot;slidesPerGroup&quot;:null,&quot;spaceBetween&quot;:27},&quot;1366&quot;:{&quot;slidesPerView&quot;:null,&quot;slidesPerGroup&quot;:null,&quot;spaceBetween&quot;:27},&quot;1200&quot;:{&quot;slidesPerView&quot;:null,&quot;slidesPerGroup&quot;:null,&quot;spaceBetween&quot;:27},&quot;1024&quot;:{&quot;slidesPerView&quot;:null,&quot;slidesPerGroup&quot;:null,&quot;spaceBetween&quot;:27},&quot;880&quot;:{&quot;spaceBetween&quot;:27,&quot;slidesPerView&quot;:null,&quot;slidesPerGroup&quot;:null},&quot;767&quot;:{&quot;slidesPerView&quot;:null,&quot;slidesPerGroup&quot;:null,&quot;spaceBetween&quot;:27},&quot;0&quot;:{&quot;spaceBetween&quot;:27,&quot;slidesPerView&quot;:null,&quot;slidesPerGroup&quot;:null}}}}\"><li dir=\"auto\" aria-level=\"1\" class=\"z49tw1fj softlite-dynamic-list-item softlite-dynamic-list-item-inner\"><h4 dir=\"\" class=\"jxephi3w softlite-dynamic-list-item-text-1\">24 % de la biodiversit\u00e9 associ\u00e9e \u2013 soit la biodiversit\u00e9 non cultiv\u00e9e qui \u00e9volue au sein d\u2019un agro\u00e9cosyst\u00e8me. <\/h4><\/li><li dir=\"auto\" aria-level=\"1\" class=\"z49tw1fj softlite-dynamic-list-item softlite-dynamic-list-item-inner\"><h4 dir=\"\" class=\"jxephi3w softlite-dynamic-list-item-text-1\">14 % de production agricole,<\/h4><\/li><li dir=\"auto\" aria-level=\"1\" class=\"z49tw1fj softlite-dynamic-list-item softlite-dynamic-list-item-inner\"><h4 dir=\"\" class=\"jxephi3w softlite-dynamic-list-item-text-1\">51 % de la r\u00e9gulation de la qualit\u00e9 de l\u2019eau<\/h4><\/li><li dir=\"auto\" aria-level=\"1\" class=\"z49tw1fj softlite-dynamic-list-item softlite-dynamic-list-item-inner\"><h4 dir=\"\" class=\"jxephi3w softlite-dynamic-list-item-text-1\">11% de la r\u00e9gulation de la qualit\u00e9 du sol  <\/h4><\/li><li dir=\"auto\" aria-level=\"1\" class=\"z49tw1fj softlite-dynamic-list-item softlite-dynamic-list-item-inner\"><h4 dir=\"\" class=\"jxephi3w softlite-dynamic-list-item-text-1\">63% du contr\u00f4le des ravageurs et des maladies<\/h4><\/li><\/div> <\/div>\t\t\t\t<\/div>\n\t\t\t\t<\/div>\n\t\t<div class=\"elementor-element elementor-element-2e6ce8d e-con-full e-flex e-con e-child\" data-id=\"2e6ce8d\" data-element_type=\"container\" data-e-type=\"container\" data-settings=\"{&quot;_ha_eqh_enable&quot;:false}\">\n\t\t\t\t<div class=\"elementor-element elementor-element-e8e6bfd elementor-widget__width-initial elementor-widget elementor-widget-heading\" data-id=\"e8e6bfd\" data-element_type=\"widget\" data-e-type=\"widget\" data-widget_type=\"heading.default\">\n\t\t\t\t\t<h4 class=\"elementor-heading-title elementor-size-default\"><span class=\"earpfid5\"><br role=\"presentation\"><\/span><\/h4>\t\t\t\t<\/div>\n\t\t\t\t<\/div>\n\t\t<div class=\"elementor-element elementor-element-fd75214 e-con-full e-flex e-con e-child\" data-id=\"fd75214\" data-element_type=\"container\" data-e-type=\"container\" data-settings=\"{&quot;_ha_eqh_enable&quot;:false}\">\n\t\t\t\t<div class=\"elementor-element elementor-element-dce9806 elementor-widget__width-initial elementor-widget elementor-widget-heading\" data-id=\"dce9806\" data-element_type=\"widget\" data-e-type=\"widget\" data-widget_type=\"heading.default\">\n\t\t\t\t\t<h4 class=\"elementor-heading-title elementor-size-default\"><span class=\"aiun13kn\"><span class=\"scbsbstq\"><span class=\"scbsbstq\">Certaines pratiques de diversification des syst\u00e8mes de culture sont plus efficaces que d\u2019autres : l\u2019agroforesterie surpasse les autres strat\u00e9gies pour :<\/span><\/span><\/span><\/h4>\t\t\t\t<\/div>\n\t\t\t\t<\/div>\n\t\t\t\t<div class=\"elementor-element elementor-element-f282c05 elementor-widget elementor-widget-softlite_dynamic_card_box\" data-id=\"f282c05\" data-element_type=\"widget\" data-e-type=\"widget\" data-widget_type=\"softlite_dynamic_card_box.default\">\n\t\t\t\t<div class=\"elementor-widget-container\">\n\t\t\t\t\t <div class=\"softlite-dynamic-card-box k9m90w0d\" data-softlite-card-box-link-href=\"\" data-softlite-card-box-link-target=\"\"><ul class=\"tgy2jizu\"><li dir=\"auto\" aria-level=\"1\" data-heading-level=\"headerFour\" class=\"hbp88chj\"><h4 dir=\"\" class=\"feee46ij softlite-dynamic-card-box-text-1\"><span class=\"w1q1jmwa\"><span class=\"a3wppvyd\"><span class=\"a3wppvyd\"> la production + 35 %<\/span><\/span><\/span><\/h4><\/li><li dir=\"auto\" aria-level=\"1\" data-heading-level=\"headerFour\" class=\"hbp88chj\"><h4 dir=\"\" class=\"softlite-dynamic-card-box-text-2 feee46ij\"><span class=\"w1q1jmwa\"><span class=\"a3wppvyd\"><span class=\"a3wppvyd\">la qualit\u00e9 du sol + 19 %, contre + 11 % pour les cultures associ\u00e9es<\/span><\/span><\/span><\/h4><\/li><li dir=\"auto\" aria-level=\"1\" data-heading-level=\"headerFour\" class=\"hbp88chj\"><h4 dir=\"\" class=\"softlite-dynamic-card-box-text-3 feee46ij\"><span class=\"w1q1jmwa\"><span class=\"a3wppvyd\"><span class=\"a3wppvyd\">le contr\u00f4le des ravageurs et des maladies sont en revanche obtenus par les syst\u00e8mes sous couverture v\u00e9g\u00e9tale (+ 125 %), suivis par les cultures associ\u00e9es (+ 66 %) et l\u2019agroforesterie (+ 59 %). <\/span><\/span><\/span><\/h4><\/li><\/ul><\/div> \t\t\t\t<\/div>\n\t\t\t\t<\/div>\n\t\t<div class=\"elementor-element elementor-element-14be27f e-con-full e-flex e-con e-child\" data-id=\"14be27f\" data-element_type=\"container\" data-e-type=\"container\" data-settings=\"{&quot;_ha_eqh_enable&quot;:false}\">\n\t\t\t\t<\/div>\n\t\t\t\t<div class=\"elementor-element elementor-element-c6a6e12 elementor-widget elementor-widget-softlite_dynamic_card_box\" data-id=\"c6a6e12\" data-element_type=\"widget\" data-e-type=\"widget\" data-widget_type=\"softlite_dynamic_card_box.default\">\n\t\t\t\t<div class=\"elementor-widget-container\">\n\t\t\t\t\t \n\t\t\t\t<div class=\"softlite-dynamic-card-box twp5u6hh\" data-softlite-card-box-link-href=\"\" data-softlite-card-box-link-target=\"\"><div class=\"m9x7zo4b\"><div class=\"e0ba5dur\"><figure data-hook=\"figure-IMAGE\" class=\"tls6smbx\"><div data-hook=\"image-viewer\" class=\"g4ivtog4\"><div data-hook=\"image-viewer-arfrd157601\" class=\"gt7vsxo3\"><wow-image data-image-info=\"{&quot;containerId&quot;:&quot;arfrd157601&quot;,&quot;alignType&quot;:&quot;center&quot;,&quot;displayMode&quot;:&quot;fill&quot;,&quot;isLQIP&quot;:true,&quot;isSEOBot&quot;:false,&quot;lqipTransition&quot;:&quot;blur&quot;,&quot;encoding&quot;:&quot;AVIF&quot;,&quot;imageData&quot;:{&quot;width&quot;:1920,&quot;height&quot;:1080,&quot;uri&quot;:&quot;f569a5_089a1920e4a642ffaf8a6a65e756c814~mv2.png&quot;,&quot;name&quot;:&quot;&quot;,&quot;displayMode&quot;:&quot;fill&quot;}}\" data-motion-part=\"BG_IMG arfrd157601\" data-bg-effect-name=\"\" data-has-ssr-src=\"\" data-animate-blur=\"\" data-is-responsive=\"true\" data-transitioned=\"\" class=\"b7mb3u3m\"><img decoding=\"async\" class=\"f0876fxd softlite-dynamic-icon\" src=\"https:\/\/sc1qoyc4632.universe.wf\/wp-content\/uploads\/2026\/03\/f569a5_089a1920e4a642ffaf8a6a65e756c814mv2.png\" \/><\/wow-image><\/div><\/div><div data-hook=\"gap-spacer\" class=\"ux41ugcs\"><\/div><div class=\"m9x7zo4b\"><div class=\"kk40udrm\"><figcaption class=\"van56lgp\"><span class=\"w7muv51f softlite-dynamic-card-box-text-1\">Les performances de l'agroforesterie - CIRAD<\/span><\/figcaption><\/div><\/div><div data-hook=\"gap-spacer\" class=\"ux41ugcs\"><\/div><\/figure><\/div><\/div><\/div> \t\t\t\t<\/div>\n\t\t\t\t<\/div>\n\t\t<div class=\"elementor-element elementor-element-c42236d e-con-full e-flex e-con e-child\" data-id=\"c42236d\" data-element_type=\"container\" data-e-type=\"container\" data-settings=\"{&quot;_ha_eqh_enable&quot;:false}\">\n\t\t<div class=\"elementor-element elementor-element-ec57602 e-con-full e-flex e-con e-child\" data-id=\"ec57602\" data-element_type=\"container\" data-e-type=\"container\" data-settings=\"{&quot;_ha_eqh_enable&quot;:false}\">\n\t\t\t\t<div class=\"elementor-element elementor-element-8808793 elementor-widget__width-initial elementor-widget elementor-widget-heading\" data-id=\"8808793\" data-element_type=\"widget\" data-e-type=\"widget\" data-widget_type=\"heading.default\">\n\t\t\t\t\t<span class=\"elementor-heading-title elementor-size-default\"><br role=\"presentation\"><\/span>\t\t\t\t<\/div>\n\t\t\t\t<\/div>\n\t\t\t\t<\/div>\n\t\t<div class=\"elementor-element elementor-element-5a41a44 e-con-full e-flex e-con e-child\" data-id=\"5a41a44\" data-element_type=\"container\" data-e-type=\"container\" data-settings=\"{&quot;_ha_eqh_enable&quot;:false}\">\n\t\t\t\t<div class=\"elementor-element elementor-element-00d884f elementor-widget__width-initial elementor-widget elementor-widget-heading\" data-id=\"00d884f\" data-element_type=\"widget\" data-e-type=\"widget\" data-widget_type=\"heading.default\">\n\t\t\t\t\t<h4 class=\"elementor-heading-title elementor-size-default\"><span class=\"se2q67lf\"><span class=\"t46g50dt\"><span class=\"psnmc4rg\">Les performances de l\u2019agroforesterie varient selon les pratiques consid\u00e9r\u00e9es : de + 84 % pour l\u2019introduction de haies \u00e0 + 40 % pour les syst\u00e8mes de cultures p\u00e9rennes sous ombrage. Les haies sont donc \u00e0 inviter durablement dans les outils de production et non plus aux abords.<\/span><\/span><\/span><\/h4>\t\t\t\t<\/div>\n\t\t\t\t<\/div>\n\t\t<div class=\"elementor-element elementor-element-1e24f51 e-con-full e-flex e-con e-child\" data-id=\"1e24f51\" data-element_type=\"container\" data-e-type=\"container\" data-settings=\"{&quot;_ha_eqh_enable&quot;:false}\">\n\t\t<div class=\"elementor-element elementor-element-b23000e e-con-full e-flex e-con e-child\" data-id=\"b23000e\" data-element_type=\"container\" data-e-type=\"container\" data-settings=\"{&quot;_ha_eqh_enable&quot;:false}\">\n\t\t\t\t<div class=\"elementor-element elementor-element-97c53a0 elementor-widget__width-initial elementor-widget elementor-widget-heading\" data-id=\"97c53a0\" data-element_type=\"widget\" data-e-type=\"widget\" data-widget_type=\"heading.default\">\n\t\t\t\t\t<span class=\"elementor-heading-title elementor-size-default\"><br role=\"presentation\"><\/span>\t\t\t\t<\/div>\n\t\t\t\t<\/div>\n\t\t\t\t<\/div>\n\t\t<div class=\"elementor-element elementor-element-1dd7837 e-con-full e-flex e-con e-child\" data-id=\"1dd7837\" data-element_type=\"container\" data-e-type=\"container\" data-settings=\"{&quot;_ha_eqh_enable&quot;:false}\">\n\t\t<div class=\"elementor-element elementor-element-fc569c8 e-con-full e-flex e-con e-child\" data-id=\"fc569c8\" data-element_type=\"container\" data-e-type=\"container\" data-settings=\"{&quot;_ha_eqh_enable&quot;:false}\">\n\t\t\t\t<div class=\"elementor-element elementor-element-1c30f57 elementor-widget elementor-widget-html\" data-id=\"1c30f57\" data-element_type=\"widget\" data-e-type=\"widget\" data-widget_type=\"html.default\">\n\t\t\t\t\t<blockquote class=\"hqqmureh\"><span class=\"qvisy1xw\"><div dir=\"auto\" class=\"qvisy1xw\"><span class=\"nidp1jau\"><span class=\"thliiba7\"><span class=\"thliiba7\">\u00ab <\/span><\/span><em class=\"oylnlvfn\"><span class=\"kg3amgd3\"><span class=\"kg3amgd3\">Les strat\u00e9gies agroforesti\u00e8res sont aussi celles qui participent le plus au stockage de carbone dans les sols, et donc \u00e0 l\u2019att\u00e9nuation du changement climatique<\/span><\/span><\/em><span class=\"thliiba7\"><span class=\"thliiba7\">. <\/span><\/span><em class=\"oylnlvfn\"><span class=\"kg3amgd3\"><span class=\"kg3amgd3\">La teneur en carbone du sol est de 19 % sup\u00e9rieure en moyenne dans les syst\u00e8mes en agroforesterie par rapport aux parcelles en conditions similaires, mais sans arbres. Les cultures associ\u00e9es et les syst\u00e8mes sous couverture v\u00e9g\u00e9tale ne sont cependant pas en reste, avec une hausse de 13 %.<\/span><\/span><\/em><span class=\"thliiba7\"><span class=\"thliiba7\"> \u00bb<\/span><\/span><span class=\"thliiba7\"><span class=\"thliiba7\"> Souligne Damien Beillouin<\/span><\/span><\/span><\/div><\/span><\/blockquote>\t\t\t\t<\/div>\n\t\t\t\t<\/div>\n\t\t\t\t<\/div>\n\t\t<div class=\"elementor-element elementor-element-2a1bc85 e-con-full e-flex e-con e-child\" data-id=\"2a1bc85\" data-element_type=\"container\" data-e-type=\"container\" data-settings=\"{&quot;_ha_eqh_enable&quot;:false}\">\n\t\t\t\t<div class=\"elementor-element elementor-element-b19981a elementor-widget__width-initial elementor-widget elementor-widget-heading\" data-id=\"b19981a\" data-element_type=\"widget\" data-e-type=\"widget\" data-widget_type=\"heading.default\">\n\t\t\t\t\t<h3 class=\"elementor-heading-title elementor-size-default\"><span class=\"ev0a4iwa\"><span class=\"sjpqdujl\"><span class=\"xluuuoid\"><span class=\"xluuuoid\">Retrouvez le guide de l'agroforesterie pour implanter l'arbre dans vos ferme en toute autonomie<\/span><\/span><\/span><\/span><\/h3>\t\t\t\t<\/div>\n\t\t\t\t<\/div>\n\t\t\t\t<div class=\"elementor-element elementor-element-17798b9 elementor-widget elementor-widget-softlite_dynamic_card_box\" data-id=\"17798b9\" data-element_type=\"widget\" data-e-type=\"widget\" data-widget_type=\"softlite_dynamic_card_box.default\">\n\t\t\t\t<div class=\"elementor-widget-container\">\n\t\t\t\t\t \n\t<div class=\"softlite-dynamic-card-box a21y4jog\" data-softlite-card-box-link-href=\"\" data-softlite-card-box-link-target=\"\"><div class=\"wqqobx5p\"><div class=\"bct54rp4\"><div data-hook=\"file-upload-viewer\" class=\"opg4sg6r\"><button type=\"button\" class=\"kcj47ar2 softlite-dynamic-card-box-background-color-1\"><span class=\"\"><svg xmlns=\"http:\/\/www.w3.org\/2000\/svg\" width=\"40\" height=\"42\" viewBox=\"0 0 40 42\" class=\"mfavmkho softlite-dynamic-icon\"><g fill=\"none\" fill-rule=\"evenodd\"><g class=\"n6k8P\" stroke-linejoin=\"bevel\"><path fill=\"currentColor\" d=\"M35.5 41.5h-32V.5h19.45L35.5 13.31z\"><\/path><path d=\"m22.59 13.36 12.91-.05-.64-.63L23.59 1.14 22.95.5z\"><\/path><\/g><path class=\"v8Umq\" d=\"M25.982 27.818s0 .1 0 0c0 .1-.2.2-.6.2h-.3c-.4-.1-1-.4-1.6-.9 1.7.1 2.3.5 2.5.7zm-5-1.7c-.6.1-1.4.2-2.4.4.4-.8.7-1.5 1-2.2.1.1.2.3.3.4.4.4.8.9 1.1 1.4zm-1.9-6.9c.1-.2.2-.3.2-.3.1.1.3.4.2 2 0 .3-.1.6-.2 1-.3-1-.4-2-.2-2.7zm-4.5 11.3c-.2.1-.3.2-.5.2 0-.1.1-.6.8-1.3.4-.3.8-.7 1.3-.9-.6 1-1.2 1.8-1.6 2zm7.8-4.5c-.6-.6-1.1-1.4-1.7-2l-.6-.9c.3-.9.5-1.6.5-2.2.1-1.4-.1-2.3-.5-2.8-.3-.3-.7-.4-1.1-.2-.3.1-.7.3-.9 1-.4 1-.2 2.9.7 4.4-.4 1.1-1 2.4-1.6 3.6-1.3.4-2.3 1-3 1.7-.9.9-1.3 1.8-1 2.5.1.5.5.7 1 .7.3 0 .7-.1 1.1-.4.9-.6 2-2.5 2.7-3.6 1.2-.4 2.5-.6 3.1-.6.3 0 .6-.1.9-.1 1.1 1.2 2.1 1.8 2.9 2h.5c.7 0 1.3-.3 1.5-.7.2-.4.2-.8 0-1.1-.5-.8-1.9-1.3-4-1.3h-.5z\"><\/path><\/g><\/svg><\/span><div class=\"yvdpj24f\"><div data-hook=\"file-upload-name-container\" class=\"p11lrl2a\"><span data-hook=\"file-upload-name\" class=\"dnnv3w7c softlite-dynamic-card-box-text-1\">Guide agroforestier-V2-2025<\/span><span data-hook=\"file-upload-extension\" class=\"o6uo37vv softlite-dynamic-card-box-text-2\">.pdf<\/span><\/div><div class=\"wfly03jt softlite-dynamic-card-box-text-3\">T\u00e9l\u00e9charger PDF \u2022 24.59MB<\/div><\/div><div class=\"fvrpm49x\"><svg xmlns=\"http:\/\/www.w3.org\/2000\/svg\" width=\"24\" height=\"24\" viewBox=\"0 0 24 24\" class=\"vi9x7ny9\"><path fill=\"currentColor\" fill-rule=\"evenodd\" clip-rule=\"evenodd\" d=\"M5 13v4a1 1 0 0 0 1 1h11a1 1 0 0 0 1-1v-4h1v4a2 2 0 0 1-2 2H6a2 2 0 0 1-2-2v-4h1Zm6 .293V5h1v8.293l2.146-2.147a.5.5 0 0 1 .708.708L11.5 15.207l-3.354-3.353a.5.5 0 0 1 .708-.708L11 13.293Z\"><\/path><\/svg><\/div><\/button><\/div><\/div><\/div><\/div> \t\t\t\t<\/div>\n\t\t\t\t<\/div>\n\t\t<div class=\"elementor-element elementor-element-4c5505d e-con-full e-flex e-con e-child\" data-id=\"4c5505d\" data-element_type=\"container\" data-e-type=\"container\" data-settings=\"{&quot;_ha_eqh_enable&quot;:false}\">\n\t\t<div class=\"elementor-element elementor-element-54855ab e-con-full e-flex e-con e-child\" data-id=\"54855ab\" data-element_type=\"container\" data-e-type=\"container\" data-settings=\"{&quot;_ha_eqh_enable&quot;:false}\">\n\t\t\t\t<div class=\"elementor-element elementor-element-9d67e3a elementor-widget__width-initial elementor-widget elementor-widget-heading\" data-id=\"9d67e3a\" data-element_type=\"widget\" data-e-type=\"widget\" data-widget_type=\"heading.default\">\n\t\t\t\t\t<span class=\"elementor-heading-title elementor-size-default\"><br role=\"presentation\"><\/span>\t\t\t\t<\/div>\n\t\t\t\t<\/div>\n\t\t\t\t<\/div>\n\t\t<div class=\"elementor-element elementor-element-e04c12e e-con-full e-flex e-con e-child\" data-id=\"e04c12e\" data-element_type=\"container\" data-e-type=\"container\" data-settings=\"{&quot;_ha_eqh_enable&quot;:false}\">\n\t\t<div class=\"elementor-element elementor-element-7366d31 e-con-full e-flex e-con e-child\" data-id=\"7366d31\" data-element_type=\"container\" data-e-type=\"container\" data-settings=\"{&quot;_ha_eqh_enable&quot;:false}\">\n\t\t<div class=\"elementor-element elementor-element-86b703e e-con-full e-flex e-con e-child\" data-id=\"86b703e\" data-element_type=\"container\" data-e-type=\"container\" data-settings=\"{&quot;_ha_eqh_enable&quot;:false}\">\n\t\t<div class=\"elementor-element elementor-element-219f5be e-con-full e-flex e-con e-child\" data-id=\"219f5be\" data-element_type=\"container\" data-e-type=\"container\" data-settings=\"{&quot;_ha_eqh_enable&quot;:false}\">\n\t\t<div class=\"elementor-element elementor-element-9ad89c0 e-con-full e-flex e-con e-child\" data-id=\"9ad89c0\" data-element_type=\"container\" data-e-type=\"container\" data-settings=\"{&quot;_ha_eqh_enable&quot;:false}\">\n\t\t\t\t<div class=\"elementor-element elementor-element-2096d94 elementor-widget elementor-widget-html\" data-id=\"2096d94\" data-element_type=\"widget\" data-e-type=\"widget\" data-widget_type=\"html.default\">\n\t\t\t\t\t<svg class=\"rfjtjtrh\"><line x2=\"100%\" y1=\"1\" y2=\"1\" class=\"ilxwmhcl\"><\/line><\/svg>\t\t\t\t<\/div>\n\t\t<div class=\"elementor-element elementor-element-ec1127b e-con-full e-flex e-con e-child\" data-id=\"ec1127b\" data-element_type=\"container\" data-e-type=\"container\" data-settings=\"{&quot;_ha_eqh_enable&quot;:false}\">\n\t\t\t\t<\/div>\n\t\t\t\t<\/div>\n\t\t\t\t<\/div>\n\t\t\t\t<\/div>\n\t\t\t\t<\/div>\n\t\t\t\t<\/div>\n\t\t<div class=\"elementor-element elementor-element-f974586 e-con-full e-flex e-con e-child\" data-id=\"f974586\" data-element_type=\"container\" data-e-type=\"container\" data-settings=\"{&quot;_ha_eqh_enable&quot;:false}\">\n\t\t\t\t<div class=\"elementor-element elementor-element-80dc710 elementor-widget__width-initial elementor-widget elementor-widget-heading\" data-id=\"80dc710\" data-element_type=\"widget\" data-e-type=\"widget\" data-widget_type=\"heading.default\">\n\t\t\t\t\t<h3 class=\"elementor-heading-title elementor-size-default\"><span class=\"bxun2xcf\"><span class=\"oz4sjo1c\"><span class=\"oz4sjo1c\">R\u00c9F\u00c9RENCES : <\/span><\/span><\/span><\/h3>\t\t\t\t<\/div>\n\t\t\t\t<\/div>\n\t\t<div class=\"elementor-element elementor-element-c1baa97 e-con-full e-flex e-con e-child\" data-id=\"c1baa97\" data-element_type=\"container\" data-e-type=\"container\" data-settings=\"{&quot;_ha_eqh_enable&quot;:false}\">\n\t\t\t\t<div class=\"elementor-element elementor-element-ebb5179 elementor-widget__width-initial elementor-widget elementor-widget-text-editor\" data-id=\"ebb5179\" data-element_type=\"widget\" data-e-type=\"widget\" data-widget_type=\"text-editor.default\">\n\t\t\t\t\t\t\t\t\t<p><span class=\"ofmu0mfy\"><span class=\"aqfzii6z\">CNRS le journal <\/span><\/span><\/p>\t\t\t\t\t\t\t\t<\/div>\n\t\t\t\t<\/div>\n\t\t<div class=\"elementor-element elementor-element-3098a9f e-con-full e-flex e-con e-child\" data-id=\"3098a9f\" data-element_type=\"container\" data-e-type=\"container\" data-settings=\"{&quot;_ha_eqh_enable&quot;:false}\">\n\t\t\t\t<div class=\"elementor-element elementor-element-e888d9b elementor-widget__width-initial elementor-widget elementor-widget-text-editor\" data-id=\"e888d9b\" data-element_type=\"widget\" data-e-type=\"widget\" data-widget_type=\"text-editor.default\">\n\t\t\t\t\t\t\t\t\t<p><span class=\"nkl31pfy\"><a target=\"_blank\" href=\"https:\/\/lejournal.cnrs.fr\/articles\/les-forets-a-la-traine-du-rechauffement\" rel=\"noopener\" data-hook=\"web-link\" class=\"ezdivd4e\"><u class=\"vp366mwl\"><span class=\"ezdivd4e\">https:\/\/lejournal.cnrs.fr\/articles\/les-forets-a-la-traine-du-rechauffement<\/span><\/u><\/a><\/span><\/p>\t\t\t\t\t\t\t\t<\/div>\n\t\t\t\t<\/div>\n\t\t<div class=\"elementor-element elementor-element-913b68a e-con-full e-flex e-con e-child\" data-id=\"913b68a\" data-element_type=\"container\" data-e-type=\"container\" data-settings=\"{&quot;_ha_eqh_enable&quot;:false}\">\n\t\t<div class=\"elementor-element elementor-element-009f550 e-con-full e-flex e-con e-child\" data-id=\"009f550\" data-element_type=\"container\" data-e-type=\"container\" data-settings=\"{&quot;_ha_eqh_enable&quot;:false}\">\n\t\t\t\t<div class=\"elementor-element elementor-element-8c97f1c elementor-widget__width-initial elementor-widget elementor-widget-heading\" data-id=\"8c97f1c\" data-element_type=\"widget\" data-e-type=\"widget\" data-widget_type=\"heading.default\">\n\t\t\t\t\t<span class=\"elementor-heading-title elementor-size-default\"><br role=\"presentation\"><\/span>\t\t\t\t<\/div>\n\t\t\t\t<\/div>\n\t\t\t\t<\/div>\n\t\t<div class=\"elementor-element elementor-element-7a9365f e-con-full e-flex e-con e-child\" data-id=\"7a9365f\" data-element_type=\"container\" data-e-type=\"container\" data-settings=\"{&quot;_ha_eqh_enable&quot;:false}\">\n\t\t\t\t<div class=\"elementor-element elementor-element-0c452bb elementor-widget__width-initial elementor-widget elementor-widget-text-editor\" data-id=\"0c452bb\" data-element_type=\"widget\" data-e-type=\"widget\" data-widget_type=\"text-editor.default\">\n\t\t\t\t\t\t\t\t\t<p><span class=\"mo7xpesn\"><span class=\"h3c1qhqh\">IGN <\/span><\/span><\/p>\t\t\t\t\t\t\t\t<\/div>\n\t\t\t\t<\/div>\n\t\t<div class=\"elementor-element elementor-element-66ce802 e-con-full e-flex e-con e-child\" data-id=\"66ce802\" data-element_type=\"container\" data-e-type=\"container\" data-settings=\"{&quot;_ha_eqh_enable&quot;:false}\">\n\t\t\t\t<div class=\"elementor-element elementor-element-de7e36f elementor-widget__width-initial elementor-widget elementor-widget-text-editor\" data-id=\"de7e36f\" data-element_type=\"widget\" data-e-type=\"widget\" data-widget_type=\"text-editor.default\">\n\t\t\t\t\t\t\t\t\t<p><span class=\"m8nrv21v\"><a target=\"_blank\" href=\"https:\/\/www.ign.fr\/espace-presse\/resultats-2022-de-linventaire-forestier-national-une-foret-francaise-confrontee-aux-dereglements\" rel=\"noopener\" data-hook=\"web-link\" class=\"su5woyc3\"><u class=\"ihzd19x9\"><span class=\"su5woyc3\">https:\/\/www.ign.fr\/espace-presse\/resultats-2022-de-linventaire-forestier-national-une-foret-francaise-confrontee-aux-dereglements<\/span><\/u><\/a><\/span><\/p>\t\t\t\t\t\t\t\t<\/div>\n\t\t\t\t<\/div>\n\t\t<div class=\"elementor-element elementor-element-7aab580 e-con-full e-flex e-con e-child\" data-id=\"7aab580\" data-element_type=\"container\" data-e-type=\"container\" data-settings=\"{&quot;_ha_eqh_enable&quot;:false}\">\n\t\t<div class=\"elementor-element elementor-element-3d3b48c e-con-full e-flex e-con e-child\" data-id=\"3d3b48c\" data-element_type=\"container\" data-e-type=\"container\" data-settings=\"{&quot;_ha_eqh_enable&quot;:false}\">\n\t\t\t\t<div class=\"elementor-element elementor-element-1278a91 elementor-widget__width-initial elementor-widget elementor-widget-heading\" data-id=\"1278a91\" data-element_type=\"widget\" data-e-type=\"widget\" data-widget_type=\"heading.default\">\n\t\t\t\t\t<span class=\"elementor-heading-title elementor-size-default\"><br role=\"presentation\"><\/span>\t\t\t\t<\/div>\n\t\t\t\t<\/div>\n\t\t\t\t<\/div>\n\t\t<div class=\"elementor-element elementor-element-42c7cea e-con-full e-flex e-con e-child\" data-id=\"42c7cea\" data-element_type=\"container\" data-e-type=\"container\" data-settings=\"{&quot;_ha_eqh_enable&quot;:false}\">\n\t\t\t\t<div class=\"elementor-element elementor-element-e1d1dba elementor-widget__width-initial elementor-widget elementor-widget-text-editor\" data-id=\"e1d1dba\" data-element_type=\"widget\" data-e-type=\"widget\" data-widget_type=\"text-editor.default\">\n\t\t\t\t\t\t\t\t\t<p><span class=\"yjk3qrr7\"><span class=\"fl4366r7\">Synth\u00e8se des enjeux de continuit\u00e9 \u00e9cologiques r\u00e9gionales<\/span><\/span><\/p>\t\t\t\t\t\t\t\t<\/div>\n\t\t\t\t<\/div>\n\t\t<div class=\"elementor-element elementor-element-8e20642 e-con-full e-flex e-con e-child\" data-id=\"8e20642\" data-element_type=\"container\" data-e-type=\"container\" data-settings=\"{&quot;_ha_eqh_enable&quot;:false}\">\n\t\t\t\t<div class=\"elementor-element elementor-element-069f379 elementor-widget__width-initial elementor-widget elementor-widget-text-editor\" data-id=\"069f379\" data-element_type=\"widget\" data-e-type=\"widget\" data-widget_type=\"text-editor.default\">\n\t\t\t\t\t\t\t\t\t<p><span class=\"bxn1ye1x\"><a target=\"_blank\" href=\"https:\/\/inpn.mnhn.fr\/docs\/TVB\/Carte_nationale_TVB_C&amp;R_%20FAQ.pdf\" rel=\"noopener\" data-hook=\"web-link\" class=\"ms5vaman\"><u class=\"ron6ce20\"><span class=\"ms5vaman\">https:\/\/inpn.mnhn.fr\/docs\/TVB\/Carte_nationale_TVB_C&amp;R_%20FAQ.pdf<\/span><\/u><\/a><\/span><\/p>\t\t\t\t\t\t\t\t<\/div>\n\t\t\t\t<\/div>\n\t\t<div class=\"elementor-element elementor-element-bf22c14 e-con-full e-flex e-con e-child\" data-id=\"bf22c14\" data-element_type=\"container\" data-e-type=\"container\" data-settings=\"{&quot;_ha_eqh_enable&quot;:false}\">\n\t\t<div class=\"elementor-element elementor-element-d26f15d e-con-full e-flex e-con e-child\" data-id=\"d26f15d\" data-element_type=\"container\" data-e-type=\"container\" data-settings=\"{&quot;_ha_eqh_enable&quot;:false}\">\n\t\t\t\t<div class=\"elementor-element elementor-element-8430ead elementor-widget__width-initial elementor-widget elementor-widget-heading\" data-id=\"8430ead\" data-element_type=\"widget\" data-e-type=\"widget\" data-widget_type=\"heading.default\">\n\t\t\t\t\t<span class=\"elementor-heading-title elementor-size-default\"><br role=\"presentation\"><\/span>\t\t\t\t<\/div>\n\t\t\t\t<\/div>\n\t\t\t\t<\/div>\n\t\t<div class=\"elementor-element elementor-element-556496b e-con-full e-flex e-con e-child\" data-id=\"556496b\" data-element_type=\"container\" data-e-type=\"container\" data-settings=\"{&quot;_ha_eqh_enable&quot;:false}\">\n\t\t\t\t<div class=\"elementor-element elementor-element-7e8760b elementor-widget__width-initial elementor-widget elementor-widget-text-editor\" data-id=\"7e8760b\" data-element_type=\"widget\" data-e-type=\"widget\" data-widget_type=\"text-editor.default\">\n\t\t\t\t\t\t\t\t\t<p><span class=\"yxl4z47c\"><span class=\"z080216j\">CIRAD<\/span><\/span><\/p>\t\t\t\t\t\t\t\t<\/div>\n\t\t\t\t<\/div>\n\t\t<div class=\"elementor-element elementor-element-48e4de3 e-con-full e-flex e-con e-child\" data-id=\"48e4de3\" data-element_type=\"container\" data-e-type=\"container\" data-settings=\"{&quot;_ha_eqh_enable&quot;:false}\">\n\t\t\t\t<div class=\"elementor-element elementor-element-a888476 elementor-widget__width-initial elementor-widget elementor-widget-text-editor\" data-id=\"a888476\" data-element_type=\"widget\" data-e-type=\"widget\" data-widget_type=\"text-editor.default\">\n\t\t\t\t\t\t\t\t\t<p><span class=\"ga23jccl\"><a target=\"_blank\" href=\"https:\/\/www.cirad.fr\/espace-presse\/communiques-de-presse\/2021\/diversification-culturale-agroforesterie\" rel=\"noopener\" data-hook=\"web-link\" class=\"s5wwz3uy\"><u class=\"qyv198g3\"><span class=\"s5wwz3uy\">https:\/\/www.cirad.fr\/espace-presse\/communiques-de-presse\/2021\/diversification-culturale-agroforesterie<\/span><\/u><\/a><\/span><\/p>\t\t\t\t\t\t\t\t<\/div>\n\t\t\t\t<\/div>\n\t\t\t\t<\/div>\n\t\t\t\t<\/div>\n\t\t\t\t<\/div>\n\t\t\t\t<\/div>\n\t\t\t\t<\/div>\n\t\t\t\t<\/div>\n\t\t\t\t<\/div>\n\t\t\t\t<\/div>\n\t\t\t\t\t<\/div>\n\t\t\t\t<\/div>\n\t\t\t\t<\/div>\n\t\t","protected":false},"excerpt":{"rendered":"<p>Depuis 2016, un point de bascule a \u00e9t\u00e9 franchi. <\/p>\n","protected":false},"author":2,"featured_media":483,"comment_status":"open","ping_status":"open","sticky":false,"template":"","format":"standard","meta":{"site-sidebar-layout":"default","site-content-layout":"","ast-site-content-layout":"default","site-content-style":"default","site-sidebar-style":"default","ast-global-header-display":"","ast-banner-title-visibility":"","ast-main-header-display":"","ast-hfb-above-header-display":"","ast-hfb-below-header-display":"","ast-hfb-mobile-header-display":"","site-post-title":"","ast-breadcrumbs-content":"","ast-featured-img":"","footer-sml-layout":"","ast-disable-related-posts":"","theme-transparent-header-meta":"","adv-header-id-meta":"","stick-header-meta":"","header-above-stick-meta":"","header-main-stick-meta":"","header-below-stick-meta":"","astra-migrate-meta-layouts":"set","ast-page-background-enabled":"default","ast-page-background-meta":{"desktop":{"background-color":"","background-image":"","background-repeat":"repeat","background-position":"center center","background-size":"auto","background-attachment":"scroll","background-type":"","background-media":"","overlay-type":"","overlay-color":"","overlay-opacity":"","overlay-gradient":""},"tablet":{"background-color":"","background-image":"","background-repeat":"repeat","background-position":"center center","background-size":"auto","background-attachment":"scroll","background-type":"","background-media":"","overlay-type":"","overlay-color":"","overlay-opacity":"","overlay-gradient":""},"mobile":{"background-color":"","background-image":"","background-repeat":"repeat","background-position":"center center","background-size":"auto","background-attachment":"scroll","background-type":"","background-media":"","overlay-type":"","overlay-color":"","overlay-opacity":"","overlay-gradient":""}},"ast-content-background-meta":{"desktop":{"background-color":"var(--ast-global-color-5)","background-image":"","background-repeat":"repeat","background-position":"center center","background-size":"auto","background-attachment":"scroll","background-type":"","background-media":"","overlay-type":"","overlay-color":"","overlay-opacity":"","overlay-gradient":""},"tablet":{"background-color":"var(--ast-global-color-5)","background-image":"","background-repeat":"repeat","background-position":"center center","background-size":"auto","background-attachment":"scroll","background-type":"","background-media":"","overlay-type":"","overlay-color":"","overlay-opacity":"","overlay-gradient":""},"mobile":{"background-color":"var(--ast-global-color-5)","background-image":"","background-repeat":"repeat","background-position":"center center","background-size":"auto","background-attachment":"scroll","background-type":"","background-media":"","overlay-type":"","overlay-color":"","overlay-opacity":"","overlay-gradient":""}},"footnotes":""},"categories":[1],"tags":[],"post_folder":[],"class_list":["post-477","post","type-post","status-publish","format-standard","has-post-thumbnail","hentry","category-non-classe"],"yoast_head":"<!-- This site is optimized with the Yoast SEO plugin v27.5 - https:\/\/yoast.com\/product\/yoast-seo-wordpress\/ -->\n<title>Les performances de l&#039;agroforesterie malgr\u00e9 les \u00e9volutions climatiques - Hydronomie<\/title>\n<meta name=\"robots\" content=\"index, follow, max-snippet:-1, max-image-preview:large, max-video-preview:-1\" \/>\n<link rel=\"canonical\" href=\"https:\/\/hydronomie.fr\/les-performances-de-lagroforesterie-malgre-les-evolutions-climatiques\/\" \/>\n<meta property=\"og:locale\" content=\"en_US\" \/>\n<meta property=\"og:type\" content=\"article\" \/>\n<meta property=\"og:title\" content=\"Les performances de l&#039;agroforesterie malgr\u00e9 les \u00e9volutions climatiques - Hydronomie\" \/>\n<meta property=\"og:description\" content=\"Depuis 2016, un point de bascule a \u00e9t\u00e9 franchi.\" \/>\n<meta property=\"og:url\" content=\"https:\/\/hydronomie.fr\/les-performances-de-lagroforesterie-malgre-les-evolutions-climatiques\/\" \/>\n<meta property=\"og:site_name\" content=\"Hydronomie\" \/>\n<meta property=\"article:published_time\" content=\"2026-03-21T09:14:14+00:00\" \/>\n<meta property=\"article:modified_time\" content=\"2026-03-23T17:49:59+00:00\" \/>\n<meta property=\"og:image\" content=\"https:\/\/hydronomie.fr\/wp-content\/uploads\/2026\/03\/11062b_ae6481105c3b43649051c1c7e0eb909fmv2.jpg\" \/>\n\t<meta property=\"og:image:width\" content=\"1480\" \/>\n\t<meta property=\"og:image:height\" content=\"986\" \/>\n\t<meta property=\"og:image:type\" content=\"image\/jpeg\" \/>\n<meta name=\"author\" content=\"Marl\u00e8ne Vissac\" \/>\n<meta name=\"twitter:card\" content=\"summary_large_image\" \/>\n<meta name=\"twitter:label1\" content=\"Written by\" \/>\n\t<meta name=\"twitter:data1\" content=\"Marl\u00e8ne Vissac\" \/>\n\t<meta name=\"twitter:label2\" content=\"Est. reading time\" \/>\n\t<meta name=\"twitter:data2\" content=\"9 minutes\" \/>\n<script type=\"application\/ld+json\" class=\"yoast-schema-graph\">{\"@context\":\"https:\\\/\\\/schema.org\",\"@graph\":[{\"@type\":\"Article\",\"@id\":\"https:\\\/\\\/hydronomie.fr\\\/les-performances-de-lagroforesterie-malgre-les-evolutions-climatiques\\\/#article\",\"isPartOf\":{\"@id\":\"https:\\\/\\\/hydronomie.fr\\\/les-performances-de-lagroforesterie-malgre-les-evolutions-climatiques\\\/\"},\"author\":{\"name\":\"Marl\u00e8ne Vissac\",\"@id\":\"https:\\\/\\\/hydronomie.fr\\\/#\\\/schema\\\/person\\\/946eac64f1c11013bc50be1a7bbdf8c5\"},\"headline\":\"Les performances de l&#8217;agroforesterie malgr\u00e9 les \u00e9volutions climatiques\",\"datePublished\":\"2026-03-21T09:14:14+00:00\",\"dateModified\":\"2026-03-23T17:49:59+00:00\",\"mainEntityOfPage\":{\"@id\":\"https:\\\/\\\/hydronomie.fr\\\/les-performances-de-lagroforesterie-malgre-les-evolutions-climatiques\\\/\"},\"wordCount\":2166,\"commentCount\":0,\"publisher\":{\"@id\":\"https:\\\/\\\/hydronomie.fr\\\/#organization\"},\"image\":{\"@id\":\"https:\\\/\\\/hydronomie.fr\\\/les-performances-de-lagroforesterie-malgre-les-evolutions-climatiques\\\/#primaryimage\"},\"thumbnailUrl\":\"https:\\\/\\\/hydronomie.fr\\\/wp-content\\\/uploads\\\/2026\\\/03\\\/11062b_ae6481105c3b43649051c1c7e0eb909fmv2.jpg\",\"articleSection\":[\"Non class\u00e9\"],\"inLanguage\":\"en-US\",\"potentialAction\":[{\"@type\":\"CommentAction\",\"name\":\"Comment\",\"target\":[\"https:\\\/\\\/hydronomie.fr\\\/les-performances-de-lagroforesterie-malgre-les-evolutions-climatiques\\\/#respond\"]}]},{\"@type\":\"WebPage\",\"@id\":\"https:\\\/\\\/hydronomie.fr\\\/les-performances-de-lagroforesterie-malgre-les-evolutions-climatiques\\\/\",\"url\":\"https:\\\/\\\/hydronomie.fr\\\/les-performances-de-lagroforesterie-malgre-les-evolutions-climatiques\\\/\",\"name\":\"Les performances de l'agroforesterie malgr\u00e9 les \u00e9volutions climatiques - Hydronomie\",\"isPartOf\":{\"@id\":\"https:\\\/\\\/hydronomie.fr\\\/#website\"},\"primaryImageOfPage\":{\"@id\":\"https:\\\/\\\/hydronomie.fr\\\/les-performances-de-lagroforesterie-malgre-les-evolutions-climatiques\\\/#primaryimage\"},\"image\":{\"@id\":\"https:\\\/\\\/hydronomie.fr\\\/les-performances-de-lagroforesterie-malgre-les-evolutions-climatiques\\\/#primaryimage\"},\"thumbnailUrl\":\"https:\\\/\\\/hydronomie.fr\\\/wp-content\\\/uploads\\\/2026\\\/03\\\/11062b_ae6481105c3b43649051c1c7e0eb909fmv2.jpg\",\"datePublished\":\"2026-03-21T09:14:14+00:00\",\"dateModified\":\"2026-03-23T17:49:59+00:00\",\"breadcrumb\":{\"@id\":\"https:\\\/\\\/hydronomie.fr\\\/les-performances-de-lagroforesterie-malgre-les-evolutions-climatiques\\\/#breadcrumb\"},\"inLanguage\":\"en-US\",\"potentialAction\":[{\"@type\":\"ReadAction\",\"target\":[\"https:\\\/\\\/hydronomie.fr\\\/les-performances-de-lagroforesterie-malgre-les-evolutions-climatiques\\\/\"]}]},{\"@type\":\"ImageObject\",\"inLanguage\":\"en-US\",\"@id\":\"https:\\\/\\\/hydronomie.fr\\\/les-performances-de-lagroforesterie-malgre-les-evolutions-climatiques\\\/#primaryimage\",\"url\":\"https:\\\/\\\/hydronomie.fr\\\/wp-content\\\/uploads\\\/2026\\\/03\\\/11062b_ae6481105c3b43649051c1c7e0eb909fmv2.jpg\",\"contentUrl\":\"https:\\\/\\\/hydronomie.fr\\\/wp-content\\\/uploads\\\/2026\\\/03\\\/11062b_ae6481105c3b43649051c1c7e0eb909fmv2.jpg\",\"width\":1480,\"height\":986},{\"@type\":\"BreadcrumbList\",\"@id\":\"https:\\\/\\\/hydronomie.fr\\\/les-performances-de-lagroforesterie-malgre-les-evolutions-climatiques\\\/#breadcrumb\",\"itemListElement\":[{\"@type\":\"ListItem\",\"position\":1,\"name\":\"Home\",\"item\":\"https:\\\/\\\/hydronomie.fr\\\/\"},{\"@type\":\"ListItem\",\"position\":2,\"name\":\"Les performances de l&#8217;agroforesterie malgr\u00e9 les \u00e9volutions climatiques\"}]},{\"@type\":\"WebSite\",\"@id\":\"https:\\\/\\\/hydronomie.fr\\\/#website\",\"url\":\"https:\\\/\\\/hydronomie.fr\\\/\",\"name\":\"Hydronomie\",\"description\":\"R\u00e9silience Climatique\",\"publisher\":{\"@id\":\"https:\\\/\\\/hydronomie.fr\\\/#organization\"},\"potentialAction\":[{\"@type\":\"SearchAction\",\"target\":{\"@type\":\"EntryPoint\",\"urlTemplate\":\"https:\\\/\\\/hydronomie.fr\\\/?s={search_term_string}\"},\"query-input\":{\"@type\":\"PropertyValueSpecification\",\"valueRequired\":true,\"valueName\":\"search_term_string\"}}],\"inLanguage\":\"en-US\"},{\"@type\":\"Organization\",\"@id\":\"https:\\\/\\\/hydronomie.fr\\\/#organization\",\"name\":\"Hydronomie\",\"url\":\"https:\\\/\\\/hydronomie.fr\\\/\",\"logo\":{\"@type\":\"ImageObject\",\"inLanguage\":\"en-US\",\"@id\":\"https:\\\/\\\/hydronomie.fr\\\/#\\\/schema\\\/logo\\\/image\\\/\",\"url\":\"https:\\\/\\\/hydronomie.fr\\\/wp-content\\\/uploads\\\/2026\\\/02\\\/logo_hydronomie_coul.png\",\"contentUrl\":\"https:\\\/\\\/hydronomie.fr\\\/wp-content\\\/uploads\\\/2026\\\/02\\\/logo_hydronomie_coul.png\",\"width\":1080,\"height\":1024,\"caption\":\"Hydronomie\"},\"image\":{\"@id\":\"https:\\\/\\\/hydronomie.fr\\\/#\\\/schema\\\/logo\\\/image\\\/\"}},{\"@type\":\"Person\",\"@id\":\"https:\\\/\\\/hydronomie.fr\\\/#\\\/schema\\\/person\\\/946eac64f1c11013bc50be1a7bbdf8c5\",\"name\":\"Marl\u00e8ne Vissac\",\"image\":{\"@type\":\"ImageObject\",\"inLanguage\":\"en-US\",\"@id\":\"https:\\\/\\\/secure.gravatar.com\\\/avatar\\\/f889d2c6fdbfeddeadc0da50eae16e7a65c5ce96d33511929b7e214923008a74?s=96&d=mm&r=g\",\"url\":\"https:\\\/\\\/secure.gravatar.com\\\/avatar\\\/f889d2c6fdbfeddeadc0da50eae16e7a65c5ce96d33511929b7e214923008a74?s=96&d=mm&r=g\",\"contentUrl\":\"https:\\\/\\\/secure.gravatar.com\\\/avatar\\\/f889d2c6fdbfeddeadc0da50eae16e7a65c5ce96d33511929b7e214923008a74?s=96&d=mm&r=g\",\"caption\":\"Marl\u00e8ne Vissac\"},\"url\":\"https:\\\/\\\/hydronomie.fr\\\/author\\\/marlene\\\/\"}]}<\/script>\n<!-- \/ Yoast SEO plugin. -->","yoast_head_json":{"title":"Les performances de l'agroforesterie malgr\u00e9 les \u00e9volutions climatiques - Hydronomie","robots":{"index":"index","follow":"follow","max-snippet":"max-snippet:-1","max-image-preview":"max-image-preview:large","max-video-preview":"max-video-preview:-1"},"canonical":"https:\/\/hydronomie.fr\/les-performances-de-lagroforesterie-malgre-les-evolutions-climatiques\/","og_locale":"en_US","og_type":"article","og_title":"Les performances de l'agroforesterie malgr\u00e9 les \u00e9volutions climatiques - Hydronomie","og_description":"Depuis 2016, un point de bascule a \u00e9t\u00e9 franchi.","og_url":"https:\/\/hydronomie.fr\/les-performances-de-lagroforesterie-malgre-les-evolutions-climatiques\/","og_site_name":"Hydronomie","article_published_time":"2026-03-21T09:14:14+00:00","article_modified_time":"2026-03-23T17:49:59+00:00","og_image":[{"width":1480,"height":986,"url":"https:\/\/hydronomie.fr\/wp-content\/uploads\/2026\/03\/11062b_ae6481105c3b43649051c1c7e0eb909fmv2.jpg","type":"image\/jpeg"}],"author":"Marl\u00e8ne Vissac","twitter_card":"summary_large_image","twitter_misc":{"Written by":"Marl\u00e8ne Vissac","Est. reading time":"9 minutes"},"schema":{"@context":"https:\/\/schema.org","@graph":[{"@type":"Article","@id":"https:\/\/hydronomie.fr\/les-performances-de-lagroforesterie-malgre-les-evolutions-climatiques\/#article","isPartOf":{"@id":"https:\/\/hydronomie.fr\/les-performances-de-lagroforesterie-malgre-les-evolutions-climatiques\/"},"author":{"name":"Marl\u00e8ne Vissac","@id":"https:\/\/hydronomie.fr\/#\/schema\/person\/946eac64f1c11013bc50be1a7bbdf8c5"},"headline":"Les performances de l&#8217;agroforesterie malgr\u00e9 les \u00e9volutions climatiques","datePublished":"2026-03-21T09:14:14+00:00","dateModified":"2026-03-23T17:49:59+00:00","mainEntityOfPage":{"@id":"https:\/\/hydronomie.fr\/les-performances-de-lagroforesterie-malgre-les-evolutions-climatiques\/"},"wordCount":2166,"commentCount":0,"publisher":{"@id":"https:\/\/hydronomie.fr\/#organization"},"image":{"@id":"https:\/\/hydronomie.fr\/les-performances-de-lagroforesterie-malgre-les-evolutions-climatiques\/#primaryimage"},"thumbnailUrl":"https:\/\/hydronomie.fr\/wp-content\/uploads\/2026\/03\/11062b_ae6481105c3b43649051c1c7e0eb909fmv2.jpg","articleSection":["Non class\u00e9"],"inLanguage":"en-US","potentialAction":[{"@type":"CommentAction","name":"Comment","target":["https:\/\/hydronomie.fr\/les-performances-de-lagroforesterie-malgre-les-evolutions-climatiques\/#respond"]}]},{"@type":"WebPage","@id":"https:\/\/hydronomie.fr\/les-performances-de-lagroforesterie-malgre-les-evolutions-climatiques\/","url":"https:\/\/hydronomie.fr\/les-performances-de-lagroforesterie-malgre-les-evolutions-climatiques\/","name":"Les performances de l'agroforesterie malgr\u00e9 les \u00e9volutions climatiques - Hydronomie","isPartOf":{"@id":"https:\/\/hydronomie.fr\/#website"},"primaryImageOfPage":{"@id":"https:\/\/hydronomie.fr\/les-performances-de-lagroforesterie-malgre-les-evolutions-climatiques\/#primaryimage"},"image":{"@id":"https:\/\/hydronomie.fr\/les-performances-de-lagroforesterie-malgre-les-evolutions-climatiques\/#primaryimage"},"thumbnailUrl":"https:\/\/hydronomie.fr\/wp-content\/uploads\/2026\/03\/11062b_ae6481105c3b43649051c1c7e0eb909fmv2.jpg","datePublished":"2026-03-21T09:14:14+00:00","dateModified":"2026-03-23T17:49:59+00:00","breadcrumb":{"@id":"https:\/\/hydronomie.fr\/les-performances-de-lagroforesterie-malgre-les-evolutions-climatiques\/#breadcrumb"},"inLanguage":"en-US","potentialAction":[{"@type":"ReadAction","target":["https:\/\/hydronomie.fr\/les-performances-de-lagroforesterie-malgre-les-evolutions-climatiques\/"]}]},{"@type":"ImageObject","inLanguage":"en-US","@id":"https:\/\/hydronomie.fr\/les-performances-de-lagroforesterie-malgre-les-evolutions-climatiques\/#primaryimage","url":"https:\/\/hydronomie.fr\/wp-content\/uploads\/2026\/03\/11062b_ae6481105c3b43649051c1c7e0eb909fmv2.jpg","contentUrl":"https:\/\/hydronomie.fr\/wp-content\/uploads\/2026\/03\/11062b_ae6481105c3b43649051c1c7e0eb909fmv2.jpg","width":1480,"height":986},{"@type":"BreadcrumbList","@id":"https:\/\/hydronomie.fr\/les-performances-de-lagroforesterie-malgre-les-evolutions-climatiques\/#breadcrumb","itemListElement":[{"@type":"ListItem","position":1,"name":"Home","item":"https:\/\/hydronomie.fr\/"},{"@type":"ListItem","position":2,"name":"Les performances de l&#8217;agroforesterie malgr\u00e9 les \u00e9volutions climatiques"}]},{"@type":"WebSite","@id":"https:\/\/hydronomie.fr\/#website","url":"https:\/\/hydronomie.fr\/","name":"Hydronomie","description":"R\u00e9silience Climatique","publisher":{"@id":"https:\/\/hydronomie.fr\/#organization"},"potentialAction":[{"@type":"SearchAction","target":{"@type":"EntryPoint","urlTemplate":"https:\/\/hydronomie.fr\/?s={search_term_string}"},"query-input":{"@type":"PropertyValueSpecification","valueRequired":true,"valueName":"search_term_string"}}],"inLanguage":"en-US"},{"@type":"Organization","@id":"https:\/\/hydronomie.fr\/#organization","name":"Hydronomie","url":"https:\/\/hydronomie.fr\/","logo":{"@type":"ImageObject","inLanguage":"en-US","@id":"https:\/\/hydronomie.fr\/#\/schema\/logo\/image\/","url":"https:\/\/hydronomie.fr\/wp-content\/uploads\/2026\/02\/logo_hydronomie_coul.png","contentUrl":"https:\/\/hydronomie.fr\/wp-content\/uploads\/2026\/02\/logo_hydronomie_coul.png","width":1080,"height":1024,"caption":"Hydronomie"},"image":{"@id":"https:\/\/hydronomie.fr\/#\/schema\/logo\/image\/"}},{"@type":"Person","@id":"https:\/\/hydronomie.fr\/#\/schema\/person\/946eac64f1c11013bc50be1a7bbdf8c5","name":"Marl\u00e8ne Vissac","image":{"@type":"ImageObject","inLanguage":"en-US","@id":"https:\/\/secure.gravatar.com\/avatar\/f889d2c6fdbfeddeadc0da50eae16e7a65c5ce96d33511929b7e214923008a74?s=96&d=mm&r=g","url":"https:\/\/secure.gravatar.com\/avatar\/f889d2c6fdbfeddeadc0da50eae16e7a65c5ce96d33511929b7e214923008a74?s=96&d=mm&r=g","contentUrl":"https:\/\/secure.gravatar.com\/avatar\/f889d2c6fdbfeddeadc0da50eae16e7a65c5ce96d33511929b7e214923008a74?s=96&d=mm&r=g","caption":"Marl\u00e8ne Vissac"},"url":"https:\/\/hydronomie.fr\/author\/marlene\/"}]}},"_links":{"self":[{"href":"https:\/\/hydronomie.fr\/wp-json\/wp\/v2\/posts\/477","targetHints":{"allow":["GET"]}}],"collection":[{"href":"https:\/\/hydronomie.fr\/wp-json\/wp\/v2\/posts"}],"about":[{"href":"https:\/\/hydronomie.fr\/wp-json\/wp\/v2\/types\/post"}],"author":[{"embeddable":true,"href":"https:\/\/hydronomie.fr\/wp-json\/wp\/v2\/users\/2"}],"replies":[{"embeddable":true,"href":"https:\/\/hydronomie.fr\/wp-json\/wp\/v2\/comments?post=477"}],"version-history":[{"count":4,"href":"https:\/\/hydronomie.fr\/wp-json\/wp\/v2\/posts\/477\/revisions"}],"predecessor-version":[{"id":489,"href":"https:\/\/hydronomie.fr\/wp-json\/wp\/v2\/posts\/477\/revisions\/489"}],"wp:featuredmedia":[{"embeddable":true,"href":"https:\/\/hydronomie.fr\/wp-json\/wp\/v2\/media\/483"}],"wp:attachment":[{"href":"https:\/\/hydronomie.fr\/wp-json\/wp\/v2\/media?parent=477"}],"wp:term":[{"taxonomy":"category","embeddable":true,"href":"https:\/\/hydronomie.fr\/wp-json\/wp\/v2\/categories?post=477"},{"taxonomy":"post_tag","embeddable":true,"href":"https:\/\/hydronomie.fr\/wp-json\/wp\/v2\/tags?post=477"},{"taxonomy":"post_folder","embeddable":true,"href":"https:\/\/hydronomie.fr\/wp-json\/wp\/v2\/post_folder?post=477"}],"curies":[{"name":"wp","href":"https:\/\/api.w.org\/{rel}","templated":true}]}}